{"id":7124,"date":"2019-12-30T09:00:31","date_gmt":"2019-12-30T15:00:31","guid":{"rendered":"http:\/\/www.zonaroja.com.mx\/?p=7124"},"modified":"2019-12-30T07:44:01","modified_gmt":"2019-12-30T13:44:01","slug":"urgente-aplicacion-de-justicia-eficaz-para-combatir-la-violencia-contra-las-mujeres","status":"publish","type":"post","link":"https:\/\/zonaroja.com.mx\/?p=7124","title":{"rendered":"Urgente aplicaci\u00f3n de justicia eficaz para combatir la violencia contra las mujeres"},"content":{"rendered":"\n<p>Evlin Arag\u00f3n\/Zona Roja.<\/p>\n\n\n\n<p>Oaxaca de Ju\u00e1rez, Oax., 30 de diciembre\nde 2019.- La diputada local Magaly L\u00f3pez Dominguez urgi\u00f3 a las autoridades\nestatales implementar acciones contundentes para combatir la violencia de\ng\u00e9nero, debido a los altos niveles que se registran en la entidad oaxaque\u00f1a, ya\nque en el primer semestre de este 2019 se registraron tres mil 800 denuncias\npor violencia familiar. <\/p>\n\n\n\n<p>La legisladora explic\u00f3 que de poco sirven\nlas modificaciones a la ley que se realizaron a lo largo de este a\u00f1o en el\nCongreso local, si no existe la voluntad pol\u00edtica de instancias como la\nFiscal\u00eda General de Justicia en Oaxaca para sancionar a quienes ejerzan\nviolencia en contra de las mujeres.<\/p>\n\n\n\n<p>\u201cPoco sirve la reforma al art\u00edculo 405\ndel C\u00f3digo Penal de Oaxaca, donde se establece que la violencia familiar se\ncastigar\u00e1 hasta con nueve a\u00f1os de prisi\u00f3n, si quienes investigan las denuncias\nno hacen su trabajo\u201d, refiri\u00f3 la legisladora y presidenta de la comisi\u00f3n\npermanente de Derechos Humanos.<\/p>\n\n\n\n<p>En este sentido, cuestion\u00f3 que la\ndependencia encargada de la impartici\u00f3n de justicia no tenga dentro de sus\nprincipales objetivos erradicar la violencia en contra de las mujeres, pese a\nlas leyes existentes a nivel local y federal, avalados incluso por instrumentos\ninternacionales signados por el Estado Mexicano.<\/p>\n\n\n\n<p>L\u00f3pez Dom\u00ednguez reproch\u00f3 que hasta la fecha no existan al interior de la Fiscal\u00eda, procesos de investigaci\u00f3n responsable para una correcta impartici\u00f3n de justicia en favor de las mujeres, contribuyendo en la impunidad y repetici\u00f3n de los delitos de g\u00e9nero. <\/p>\n\n\n\n<figure class=\"wp-block-embed-twitter wp-block-embed is-type-rich is-provider-twitter\"><div class=\"wp-block-embed__wrapper\">\n<div class=\"twitter-tweet\"><blockquote class=\"twitter-tweet\" data-lang=\"es\"><p lang=\"es\" dir=\"ltr\">De poco sirve modificar las leyes para endurecer las sanciones en materia de violencia de g\u00e9nero, si las instituciones encargadas de procurar y administrar justicia no hacen su trabajo, se\u00f1ala la diputada por Morena, <a href=\"https:\/\/twitter.com\/Magaly_LopezOax?ref_src=twsrc%5Etfw\">@Magaly_LopezOax<\/a>. <a href=\"https:\/\/twitter.com\/DiputadasOax_64?ref_src=twsrc%5Etfw\">@DiputadasOax_64<\/a> <a href=\"https:\/\/twitter.com\/CongresoOaxLXIV?ref_src=twsrc%5Etfw\">@CongresoOaxLXIV<\/a> <a href=\"https:\/\/t.co\/qMpOWS5cFI\">pic.twitter.com\/qMpOWS5cFI<\/a><\/p>&mdash; Zona Roja Oaxaca (@MexRoja) <a href=\"https:\/\/twitter.com\/MexRoja\/status\/1210933416243453953?ref_src=twsrc%5Etfw\">28 de diciembre de 2019<\/a><\/blockquote><\/div>\n<\/div><\/figure>\n\n\n\n<p>\u201cLa violencia contra las mujeres en\ncualquiera de sus manifestaciones debe de atacarse de manera frontal desde un\nprincipio para evitar que esas agresiones escalen a niveles m\u00e1s lamentables\ncomo los feminicidios\u201d, sentenci\u00f3. <\/p>\n\n\n\n<p>Por lo anterior, insisti\u00f3 en que se\nnecesita un trabajo m\u00e1s coordinado del Estado, en donde existan acciones m\u00e1s\nseveras como se aprob\u00f3 este a\u00f1o al interior de del Congreso local, as\u00ed como\npol\u00edticas p\u00fablicas que ataquen de lleno la ra\u00edz estructural de este problema. <\/p>\n\n\n\n<p>EXIGENCIA VIGENTE<\/p>\n\n\n\n<p>El pasado 23 de diciembre, al menos 15\ndiputadas&nbsp; locales e integrantes de la 64\nLegislatura se pronunciaron en contra de la violencia de g\u00e9nero y feminicida\nque ha ido en aumento en la entidad oaxaque\u00f1a en los \u00faltimos meses y\nrecriminaron el actuar del fiscal general del Estado, Rub\u00e9n Vasconcelos M\u00e9ndez,\na quien acusaron de no cumplir con su responsabilidad de garantizar la\nprocuraci\u00f3n de justicia para las mujeres.<\/p>\n\n\n\n<p>Lo anterior a trav\u00e9s de un oficio\ndirigido al gobernador de Oaxaca, Alejandro Murat Hinojosa, en que destacan que\nes obligaci\u00f3n del Estado prevenir, investigar, sancionar, erradicar y reparar\nlas violaciones a los derechos humanos, particularmente de ni\u00f1as y mujeres, ya\nque en los \u00faltimos a\u00f1os los feminicidios y la violencia de g\u00e9nero han ido en\naumento, superando los 370 casos en lo que va de su administraci\u00f3n.<\/p>\n","protected":false},"excerpt":{"rendered":"<p>Evlin Arag\u00f3n\/Zona Roja. Oaxaca de Ju\u00e1rez, Oax., 30 de diciembre de 2019.- La diputada local&hellip;<\/p>\n","protected":false},"author":2,"featured_media":4167,"comment_status":"closed","ping_status":"open","sticky":false,"template":"","format":"standard","meta":{"_lmt_disableupdate":"","_lmt_disable":"","_jetpack_memberships_contains_paid_content":false,"footnotes":""},"categories":[109,46],"tags":[793],"class_list":["post-7124","post","type-post","status-publish","format-standard","has-post-thumbnail","hentry","category-minuto-a-minuto","category-zona-blanca","tag-magaly-lopez-dominguez"],"jetpack_featured_media_url":"https:\/\/zonaroja.com.mx\/wp-content\/uploads\/2019\/09\/Magaly-L\u00f3pez-3.jpg","jetpack_sharing_enabled":true,"_links":{"self":[{"href":"https:\/\/zonaroja.com.mx\/index.php?rest_route=\/wp\/v2\/posts\/7124","targetHints":{"allow":["GET"]}}],"collection":[{"href":"https:\/\/zonaroja.com.mx\/index.php?rest_route=\/wp\/v2\/posts"}],"about":[{"href":"https:\/\/zonaroja.com.mx\/index.php?rest_route=\/wp\/v2\/types\/post"}],"author":[{"embeddable":true,"href":"https:\/\/zonaroja.com.mx\/index.php?rest_route=\/wp\/v2\/users\/2"}],"replies":[{"embeddable":true,"href":"https:\/\/zonaroja.com.mx\/index.php?rest_route=%2Fwp%2Fv2%2Fcomments&post=7124"}],"version-history":[{"count":1,"href":"https:\/\/zonaroja.com.mx\/index.php?rest_route=\/wp\/v2\/posts\/7124\/revisions"}],"predecessor-version":[{"id":7125,"href":"https:\/\/zonaroja.com.mx\/index.php?rest_route=\/wp\/v2\/posts\/7124\/revisions\/7125"}],"wp:featuredmedia":[{"embeddable":true,"href":"https:\/\/zonaroja.com.mx\/index.php?rest_route=\/wp\/v2\/media\/4167"}],"wp:attachment":[{"href":"https:\/\/zonaroja.com.mx\/index.php?rest_route=%2Fwp%2Fv2%2Fmedia&parent=7124"}],"wp:term":[{"taxonomy":"category","embeddable":true,"href":"https:\/\/zonaroja.com.mx\/index.php?rest_route=%2Fwp%2Fv2%2Fcategories&post=7124"},{"taxonomy":"post_tag","embeddable":true,"href":"https:\/\/zonaroja.com.mx\/index.php?rest_route=%2Fwp%2Fv2%2Ftags&post=7124"}],"curies":[{"name":"wp","href":"https:\/\/api.w.org\/{rel}","templated":true}]}}