{"id":71246,"date":"2024-08-10T08:38:00","date_gmt":"2024-08-10T14:38:00","guid":{"rendered":"https:\/\/zonaroja.com.mx\/?p=71246"},"modified":"2024-08-10T07:38:54","modified_gmt":"2024-08-10T13:38:54","slug":"inauguran-gobernador-jara-cruz-y-edil-clinica-en-salina-cruz","status":"publish","type":"post","link":"https:\/\/zonaroja.com.mx\/?p=71246","title":{"rendered":"Inauguran gobernador Jara Cruz y edil cl\u00ednica en Salina Cruz"},"content":{"rendered":"\n<p>Redacci\u00f3n\/Zona Roja Cdmx.<\/p>\n\n\n\n<p>Oaxaca de Ju\u00e1rez, Oax., a 10 de agosto de 2024.- El gobernador de Oaxaca, Salom\u00f3n Jara Cruz, inaugur\u00f3 en l agencia Ensenada La Ventosa, del municipio de Salina Cruz, un Centro de Salud Rural de un N\u00facleo B\u00e1sico.<\/p>\n\n\n\n<p>Con estas acciones, se ampl\u00edan los servicios para la ciudadan\u00eda, se otorgan espacios dignos y mejores condiciones para el desempe\u00f1o de las funciones del personal m\u00e9dico, t\u00e9cnico y administrativo.<\/p>\n\n\n\n<p>\u201cLa Reparaci\u00f3n Hist\u00f3rica de los Pueblos significa tambi\u00e9n impulsar un sistema de salud integral, donde nadie se quede atr\u00e1s y nadie se quede afuera\u201d, resalt\u00f3 el titular de la Gubernatura, en presencia del presidente municipal Daniel M\u00e9ndez Sosa.<\/p>\n\n\n\n<p>Precis\u00f3 que, gracias al nuevo modelo de salud IMSS-Bienestar que impulsa el Presidente Andr\u00e9s Manuel L\u00f3pez Obrador, existe mayor y mejor cobertura de los servicios m\u00e9dicos, los cuales se fortalecer\u00e1n con la doctora Claudia Sheinbaum en su administraci\u00f3n federal.<\/p>\n\n\n\n<p>La titular de los Servicios de Salud de Oaxaca (SSO) Alma Lilia Velasco Hern\u00e1ndez expuso que en abril del 2023 se retomaron los trabajos para la culminaci\u00f3n de este Centro de Salud, lo que fue posible gracias a las gestiones de las autoridades municipales y el apoyo financiero de Petr\u00f3leos Mexicanos (Pemex).<\/p>\n\n\n\n<p>Este espacio cuenta con sala de espera, sanitarios, consultorios de estomatolog\u00eda, curaciones, de usos m\u00faltiples, \u00e1rea de observaci\u00f3n, residencia de m\u00e9dicos, bodega y aula de pl\u00e1ticas.<\/p>\n\n\n\n<p>Ahora, la poblaci\u00f3n podr\u00e1 acceder de manera digna a servicios como control prenatal, planificaci\u00f3n familiar, vacunaci\u00f3n o la atenci\u00f3n de enfermedades cr\u00f3nicas, entre otros. Asimismo, con la participaci\u00f3n de los Servicios de Salud IMSS Bienestar, se tiene una plantilla de dos m\u00e9dicos y dos enfermeras generales, un t\u00e9cnico en programas de salud, y dos pasantes en servicio social; uno en psicolog\u00eda y otro en enfermer\u00eda. &nbsp;<\/p>\n\n\n\n<p>PLAN DE ORDENAMIENTO<\/p>\n\n\n\n<p>En otra actividad, tambi\u00e9n efectuada en Salina Cruz, el gobierno de Oaxaca recibi\u00f3 el Programa Estatal de Ordenamiento Territorial y Desarrollo Urbano, instrumento que garantizar\u00e1 el crecimiento planificado de comunidades y la inversi\u00f3n justificada para infraestructura estrat\u00e9gica en la entidad. &nbsp;<\/p>\n\n\n\n<p>El titular del Poder Ejecutivo, Salom\u00f3n Jara Cruz afirm\u00f3 que la uni\u00f3n de esfuerzo de los tres \u00f3rdenes de gobierno, la sociedad civil y expertos en la materia permitieron obtener este programa de vanguardia orientado espec\u00edficamente a la diversidad geogr\u00e1fica, cultural y urbana del estado.<\/p>\n\n\n\n<p>\u201cEsto permitir\u00e1 contar con mejores instrumentos de planificaci\u00f3n para administrar y habitar las comunidades y ciudades, y as\u00ed emprender acciones contundentes en materia de infraestructura estrat\u00e9gica y servicios b\u00e1sicos suficientes y de calidad\u201d.<\/p>\n\n\n\n<p>Este programa traza l\u00edneas de acci\u00f3n para corregir lo que en las \u00faltimas d\u00e9cadas se ha dado; un crecimiento urbano escasamente planificado y desordenado. Por el contrario, ahora se generar\u00e1n mejores condiciones de vida para la poblaci\u00f3n.<\/p>\n\n\n\n<p>El titular de la Gubernatura reconoci\u00f3 el esfuerzo y la unidad de las personas involucradas para lograr este cometido, y refrend\u00f3 que la administraci\u00f3n de la Primavera Oaxaque\u00f1a se encuentra preocupada y ocupada en solucionar importantes asignaturas, por lo que con el Programa se avanza en el cumplimiento de los objetivos marcados en el Plan Estatal de Desarrollo 2022-2028, bajo un modelo de Desarrollo Integral y Sustentable.<\/p>\n\n\n\n<p>En tanto, el titular de la Secretar\u00eda de Desarrollo Agrario, Territorial y Urbano (Sedatu), Rom\u00e1n Meyer Falc\u00f3n asegur\u00f3 que este plan, que ten\u00eda 47 a\u00f1os sin actualizar lineamientos y estrategias, representa las bases para que futuras administraciones municipales tomen decisiones sobre la organizaci\u00f3n de sus propias demarcaciones.<\/p>\n\n\n\n<p>\u201cEstos temas de planeaci\u00f3n y an\u00e1lisis son importantes, porque representan una base t\u00e9cnica y de sustento en la toma de decisiones al definir d\u00f3nde se tiene que invertir y de qu\u00e9 forma se debe hacer\u201d, afirm\u00f3.<\/p>\n\n\n\n<p>Reconoci\u00f3 que el Gobierno de Oaxaca ahora cuente con un documento s\u00f3lido, con el cual toda dotaci\u00f3n de infraestructura tendr\u00e1 una base t\u00e9cnica y se asegure la inversi\u00f3n federal en el territorio.<\/p>\n","protected":false},"excerpt":{"rendered":"<p>Redacci\u00f3n\/Zona Roja Cdmx. Oaxaca de Ju\u00e1rez, Oax., a 10 de agosto de 2024.- El gobernador&hellip;<\/p>\n","protected":false},"author":2,"featured_media":71247,"comment_status":"closed","ping_status":"open","sticky":false,"template":"","format":"standard","meta":{"_lmt_disableupdate":"","_lmt_disable":"","_jetpack_memberships_contains_paid_content":false,"footnotes":""},"categories":[109,46],"tags":[939],"class_list":["post-71246","post","type-post","status-publish","format-standard","has-post-thumbnail","hentry","category-minuto-a-minuto","category-zona-blanca","tag-salomon-jara-cruz"],"jetpack_featured_media_url":"https:\/\/zonaroja.com.mx\/wp-content\/uploads\/2024\/08\/Salomon-Jara-clinica-Salina-Cruz.jpg","jetpack_sharing_enabled":true,"_links":{"self":[{"href":"https:\/\/zonaroja.com.mx\/index.php?rest_route=\/wp\/v2\/posts\/71246","targetHints":{"allow":["GET"]}}],"collection":[{"href":"https:\/\/zonaroja.com.mx\/index.php?rest_route=\/wp\/v2\/posts"}],"about":[{"href":"https:\/\/zonaroja.com.mx\/index.php?rest_route=\/wp\/v2\/types\/post"}],"author":[{"embeddable":true,"href":"https:\/\/zonaroja.com.mx\/index.php?rest_route=\/wp\/v2\/users\/2"}],"replies":[{"embeddable":true,"href":"https:\/\/zonaroja.com.mx\/index.php?rest_route=%2Fwp%2Fv2%2Fcomments&post=71246"}],"version-history":[{"count":1,"href":"https:\/\/zonaroja.com.mx\/index.php?rest_route=\/wp\/v2\/posts\/71246\/revisions"}],"predecessor-version":[{"id":71248,"href":"https:\/\/zonaroja.com.mx\/index.php?rest_route=\/wp\/v2\/posts\/71246\/revisions\/71248"}],"wp:featuredmedia":[{"embeddable":true,"href":"https:\/\/zonaroja.com.mx\/index.php?rest_route=\/wp\/v2\/media\/71247"}],"wp:attachment":[{"href":"https:\/\/zonaroja.com.mx\/index.php?rest_route=%2Fwp%2Fv2%2Fmedia&parent=71246"}],"wp:term":[{"taxonomy":"category","embeddable":true,"href":"https:\/\/zonaroja.com.mx\/index.php?rest_route=%2Fwp%2Fv2%2Fcategories&post=71246"},{"taxonomy":"post_tag","embeddable":true,"href":"https:\/\/zonaroja.com.mx\/index.php?rest_route=%2Fwp%2Fv2%2Ftags&post=71246"}],"curies":[{"name":"wp","href":"https:\/\/api.w.org\/{rel}","templated":true}]}}