{"id":71249,"date":"2024-08-10T09:39:00","date_gmt":"2024-08-10T15:39:00","guid":{"rendered":"https:\/\/zonaroja.com.mx\/?p=71249"},"modified":"2024-08-10T07:58:39","modified_gmt":"2024-08-10T13:58:39","slug":"en-plenas-vacaciones-cumple-24-horas-bloqueo-en-huatulco","status":"publish","type":"post","link":"https:\/\/zonaroja.com.mx\/?p=71249","title":{"rendered":"En plenas vacaciones, cumple 24 horas bloqueo en Huatulco"},"content":{"rendered":"\n<p>Raymundo Morales\/Zona Roja.<\/p>\n\n\n\n<p>Oaxaca de Ju\u00e1rez, Oax., a 10 de agosto de 2024.- Por segundo d\u00eda, habitantes de Santa Mar\u00eda Huatulco mantienen una protesta con bloqueo a la carretera federal 200, a la altura del crucero de acceso al aeropuerto internacional.<\/p>\n\n\n\n<p>Ello en rechazo a la pretensi\u00f3n del gobierno federal de decretar un \u00e1rea natural protegida en una superficie de aproximadamente dos mil 809 hect\u00e1reas y que aseguran les perjudica en la posesi\u00f3n de sus tierras, principalmente en la zona de Bajos de Coyula.<\/p>\n\n\n\n<p>La movilizaci\u00f3n de cientos de personas inici\u00f3 ayer por la ma\u00f1ana con una marcha desde el destino de playa hacia el crucero de la terminal a\u00e9rea, lo que ha afectado a cientos de automovilistas, transportistas y viajeros nacionales e internacionales.<\/p>\n\n\n\n<p>Por su parte, el gobierno de Oaxaca dio a conocer que en un comunicado que los gobiernos federal y estatal ofrecieron una mesa de atenci\u00f3n a pobladores de Bajos de Coyula y El Arenal, Huatulco, el cual se realizar\u00e1 el pr\u00f3ximo jueves y d\u00f3nde estar\u00e1n presente funcionariado de la Comisi\u00f3n Nacional de \u00c1reas Naturales Protegidas (CONANP), de la Subsecretar\u00eda de Desarrollo Agrario, Territorial y Urbano, del Instituto Nacional del Suelo Sustentable (Insus), de la Subsecretar\u00eda del Medio Ambiente y una representaci\u00f3n de la Secretar\u00eda de Gobernaci\u00f3n (Segob).<\/p>\n\n\n\n<p>La Secretar\u00eda de Gobierno (Sego) reiter\u00f3 el respeto a la libre manifestaci\u00f3n pero exhort\u00f3 a los habitantes de las comunidades a evitar afectaciones a terceros, ello pese a los reiterados llamados al di\u00e1logo.<\/p>\n\n\n\n<p>Inform\u00f3 que los manifestantes fueron conminados a liberar la v\u00eda de comunicaci\u00f3n para evitar mayores afectaciones a ciudadan\u00eda y turistas que transita por esta zona.&nbsp;<\/p>\n\n\n\n<p>\u201cLa Sego reitera que desde el primer momento ha mantenido apertura para coadyuvar a que los cuestionamientos de la poblaci\u00f3n sean escuchados y sus dudas aclaradas; sin embargo, no ha existido la disposici\u00f3n al di\u00e1logo y la conciliaci\u00f3n\u201d, expuso.<\/p>\n\n\n\n<figure class=\"wp-block-embed is-type-rich is-provider-twitter wp-block-embed-twitter\"><div class=\"wp-block-embed__wrapper\">\n<div class=\"twitter-tweet\"><blockquote class=\"twitter-tweet\" data-lang=\"es\"><p lang=\"es\" dir=\"ltr\">En plena temporada vacacional, cumple 24 horas el bloqueo a Bah\u00edas de Huatulco, por parte de comuneros de diversas localidades, que aseguran que el gobierno federal les quiere quitar sus tierras.<br><br>Mantiene su bloqueo en la carretera federal 200, acceso al aeropuerto\u2026 <a href=\"https:\/\/t.co\/tb3UxfJE1v\">pic.twitter.com\/tb3UxfJE1v<\/a><\/p>&mdash; Zona Roja Oaxaca (@ZonaRoja_Oaxaca) <a href=\"https:\/\/twitter.com\/ZonaRoja_Oaxaca\/status\/1822265648333905929?ref_src=twsrc%5Etfw\">10 de agosto de 2024<\/a><\/blockquote><\/div>\n<\/div><\/figure>\n","protected":false},"excerpt":{"rendered":"<p>Raymundo Morales\/Zona Roja. Oaxaca de Ju\u00e1rez, Oax., a 10 de agosto de 2024.- Por segundo&hellip;<\/p>\n","protected":false},"author":2,"featured_media":71250,"comment_status":"closed","ping_status":"open","sticky":false,"template":"","format":"standard","meta":{"_lmt_disableupdate":"","_lmt_disable":"","_jetpack_memberships_contains_paid_content":false,"footnotes":""},"categories":[109,47],"tags":[1336],"class_list":["post-71249","post","type-post","status-publish","format-standard","has-post-thumbnail","hentry","category-minuto-a-minuto","category-zona-gris","tag-bahias-de-huatulco"],"jetpack_featured_media_url":"https:\/\/zonaroja.com.mx\/wp-content\/uploads\/2024\/08\/Bloqueo-protesta-Huatulco.jpeg","jetpack_sharing_enabled":true,"_links":{"self":[{"href":"https:\/\/zonaroja.com.mx\/index.php?rest_route=\/wp\/v2\/posts\/71249","targetHints":{"allow":["GET"]}}],"collection":[{"href":"https:\/\/zonaroja.com.mx\/index.php?rest_route=\/wp\/v2\/posts"}],"about":[{"href":"https:\/\/zonaroja.com.mx\/index.php?rest_route=\/wp\/v2\/types\/post"}],"author":[{"embeddable":true,"href":"https:\/\/zonaroja.com.mx\/index.php?rest_route=\/wp\/v2\/users\/2"}],"replies":[{"embeddable":true,"href":"https:\/\/zonaroja.com.mx\/index.php?rest_route=%2Fwp%2Fv2%2Fcomments&post=71249"}],"version-history":[{"count":1,"href":"https:\/\/zonaroja.com.mx\/index.php?rest_route=\/wp\/v2\/posts\/71249\/revisions"}],"predecessor-version":[{"id":71251,"href":"https:\/\/zonaroja.com.mx\/index.php?rest_route=\/wp\/v2\/posts\/71249\/revisions\/71251"}],"wp:featuredmedia":[{"embeddable":true,"href":"https:\/\/zonaroja.com.mx\/index.php?rest_route=\/wp\/v2\/media\/71250"}],"wp:attachment":[{"href":"https:\/\/zonaroja.com.mx\/index.php?rest_route=%2Fwp%2Fv2%2Fmedia&parent=71249"}],"wp:term":[{"taxonomy":"category","embeddable":true,"href":"https:\/\/zonaroja.com.mx\/index.php?rest_route=%2Fwp%2Fv2%2Fcategories&post=71249"},{"taxonomy":"post_tag","embeddable":true,"href":"https:\/\/zonaroja.com.mx\/index.php?rest_route=%2Fwp%2Fv2%2Ftags&post=71249"}],"curies":[{"name":"wp","href":"https:\/\/api.w.org\/{rel}","templated":true}]}}