{"id":71255,"date":"2024-08-10T12:15:00","date_gmt":"2024-08-10T18:15:00","guid":{"rendered":"https:\/\/zonaroja.com.mx\/?p=71255"},"modified":"2024-08-10T08:17:40","modified_gmt":"2024-08-10T14:17:40","slug":"abre-congreso-convocatoria-para-elegir-titular-de-fiscalia-anticorrupcion","status":"publish","type":"post","link":"https:\/\/zonaroja.com.mx\/?p=71255","title":{"rendered":"Abre Congreso convocatoria para elegir titular de Fiscal\u00eda Anticorrupci\u00f3n\u00a0"},"content":{"rendered":"\n<p>Redacci\u00f3n\/Zona Roja.<\/p>\n\n\n\n<p>Oaxaca de Ju\u00e1rez, Oax., a 10 de agosto de 2024.- La 65 Legislatura local convoca a participar en el proceso de designaci\u00f3n de la persona titular de la Fiscal\u00eda Especializada en Materia de Combate a la Corrupci\u00f3n del Estado de Oaxaca.<\/p>\n\n\n\n<p>De acuerdo con la convocatoria emitida por las Comisiones Permanentes Unidas de Administraci\u00f3n y Procuraci\u00f3n de Justicia y de Vigilancia del Sistema Estatal de Combate a la Corrupci\u00f3n, podr\u00e1n postularse las personas profesionales de la licenciatura en Derecho.<\/p>\n\n\n\n<p>Las y los aspirantes deber\u00e1n tener la ciudadan\u00eda mexicana, cuando menos 30 a\u00f1os cumplidos al d\u00eda de la designaci\u00f3n, de conformidad con la Ley Org\u00e1nica de la Fiscal\u00eda General del Estado de Oaxaca.<\/p>\n\n\n\n<p>Contar con t\u00edtulo profesional de la Licenciatura en Derecho, con antig\u00fcedad m\u00ednima de cinco a\u00f1os; gozar de buena reputaci\u00f3n.<\/p>\n\n\n\n<p>Asimismo, no haber sido condenada o condenado mediante resoluci\u00f3n firme por delitos de g\u00e9nero; por violencia familiar; por delitos cometidos por razones de g\u00e9nero y no estar inscrito como persona deudora alimentaria morosa en cualquier registro oficial a menos que acredite estar al corriente del pago, cancele en su totalidad la deuda o bien, tramite el descuento pertinente ante las instancias que as\u00ed correspondan, en t\u00e9rminos de lo dispuesto en la ley de la materia.<\/p>\n\n\n\n<p>Las personas aspirantes deber\u00e1n presentarse el jueves 15 de agosto del a\u00f1o en curso, en un horario de 10:00 a 16:00 horas, en la Sala Expresidentes del Congreso local.<\/p>\n\n\n\n<p>Ese d\u00eda entregar\u00e1n un escrito de intenci\u00f3n de participar en el proceso, el cual deber\u00e1 estar dirigido a la diputada Lizett Arroyo Rodr\u00edguez, presidenta de la Comisi\u00f3n Permanente de Administraci\u00f3n y Procuraci\u00f3n de Justicia, con atenci\u00f3n a la diputada Elvia Gabriela P\u00e9rez L\u00f3pez, presidenta de la Comisi\u00f3n Permanente de Vigilancia del Sistema Estatal de Combate a la Corrupci\u00f3n.<\/p>\n\n\n\n<p>As\u00ed como curriculum vitae, copia y original de su identificaci\u00f3n oficial con fotograf\u00eda, del acta de nacimiento, t\u00edtulo y c\u00e9dula profesional. Al igual que una carta bajo protesta de decir verdad en donde manifieste que no se encuentra suspendida o privada en el ejercicio de sus derechos civiles o pol\u00edticos, ni ha sido inhabilitada para ejercer cargos p\u00fablicos en el estado. Que goza de buena reputaci\u00f3n y no est\u00e1 inscrito en el Registro de Deudores Alimentarios Morosos.<\/p>\n\n\n\n<p>Por su parte, las comisiones encargadas del proceso analizar\u00e1n y revisar\u00e1n el cumplimiento de los requisitos de elegibilidad e integrar\u00e1n la lista de m\u00ednimo 10 personas candidatas al cargo, la cual ser\u00e1 puesta a consideraci\u00f3n del Pleno de la 65 Legislatura local, misma que deber\u00e1 ser aprobada por las dos terceras partes de las diputadas y diputados presentes.<\/p>\n\n\n\n<p>Una vez aprobada dicha lista, ser\u00e1 enviada al titular del Poder Ejecutivo para que, dentro de los 10 d\u00edas siguientes, sea quien formule la terna respectiva y la remita al Congreso local.<\/p>\n\n\n\n<p>A partir de ello, se\u00f1ala la convocatoria, las tres personas propuestas ser\u00e1n entrevistadas por las comisiones legislativas, las cuales remitir\u00e1n los informes de las comparecencias al Pleno, para que las y los integrantes de la Legislatura analicen, discutan y posteriormente, en sesi\u00f3n, realicen la votaci\u00f3n correspondiente.<\/p>\n\n\n\n<p>Para la designaci\u00f3n de la o el Fiscal en la materia, se considerar\u00e1 el voto de las dos terceras partes de las diputadas y diputados presentes, dentro del plazo de 10 d\u00edas que establece la fracci\u00f3n III, del apartado D, del art\u00edculo 114 de la Constituci\u00f3n de Oaxaca.<\/p>\n","protected":false},"excerpt":{"rendered":"<p>Redacci\u00f3n\/Zona Roja. Oaxaca de Ju\u00e1rez, Oax., a 10 de agosto de 2024.- La 65 Legislatura&hellip;<\/p>\n","protected":false},"author":2,"featured_media":64833,"comment_status":"closed","ping_status":"open","sticky":false,"template":"","format":"standard","meta":{"_lmt_disableupdate":"","_lmt_disable":"","_jetpack_memberships_contains_paid_content":false,"footnotes":""},"categories":[109,46],"tags":[2743],"class_list":["post-71255","post","type-post","status-publish","format-standard","has-post-thumbnail","hentry","category-minuto-a-minuto","category-zona-blanca","tag-65-legislatura-del-estado-de-oaxaca"],"jetpack_featured_media_url":"https:\/\/zonaroja.com.mx\/wp-content\/uploads\/2024\/02\/Congreso-Oaxaca-diputados.jpg","jetpack_sharing_enabled":true,"_links":{"self":[{"href":"https:\/\/zonaroja.com.mx\/index.php?rest_route=\/wp\/v2\/posts\/71255","targetHints":{"allow":["GET"]}}],"collection":[{"href":"https:\/\/zonaroja.com.mx\/index.php?rest_route=\/wp\/v2\/posts"}],"about":[{"href":"https:\/\/zonaroja.com.mx\/index.php?rest_route=\/wp\/v2\/types\/post"}],"author":[{"embeddable":true,"href":"https:\/\/zonaroja.com.mx\/index.php?rest_route=\/wp\/v2\/users\/2"}],"replies":[{"embeddable":true,"href":"https:\/\/zonaroja.com.mx\/index.php?rest_route=%2Fwp%2Fv2%2Fcomments&post=71255"}],"version-history":[{"count":1,"href":"https:\/\/zonaroja.com.mx\/index.php?rest_route=\/wp\/v2\/posts\/71255\/revisions"}],"predecessor-version":[{"id":71256,"href":"https:\/\/zonaroja.com.mx\/index.php?rest_route=\/wp\/v2\/posts\/71255\/revisions\/71256"}],"wp:featuredmedia":[{"embeddable":true,"href":"https:\/\/zonaroja.com.mx\/index.php?rest_route=\/wp\/v2\/media\/64833"}],"wp:attachment":[{"href":"https:\/\/zonaroja.com.mx\/index.php?rest_route=%2Fwp%2Fv2%2Fmedia&parent=71255"}],"wp:term":[{"taxonomy":"category","embeddable":true,"href":"https:\/\/zonaroja.com.mx\/index.php?rest_route=%2Fwp%2Fv2%2Fcategories&post=71255"},{"taxonomy":"post_tag","embeddable":true,"href":"https:\/\/zonaroja.com.mx\/index.php?rest_route=%2Fwp%2Fv2%2Ftags&post=71255"}],"curies":[{"name":"wp","href":"https:\/\/api.w.org\/{rel}","templated":true}]}}