{"id":71257,"date":"2024-08-10T13:18:00","date_gmt":"2024-08-10T19:18:00","guid":{"rendered":"https:\/\/zonaroja.com.mx\/?p=71257"},"modified":"2024-08-10T18:17:54","modified_gmt":"2024-08-11T00:17:54","slug":"nominan-a-nina-de-san-miguel-el-grande-al-ariel-por-pelicula-de-angeles-cruz","status":"publish","type":"post","link":"https:\/\/zonaroja.com.mx\/?p=71257","title":{"rendered":"Nominan a ni\u00f1a de San Miguel El Grande al Ariel por pel\u00edcula de \u00c1ngeles Cruz"},"content":{"rendered":"\n<p>Redacci\u00f3n\/Zona Roja Cdmx. Foto: Infobae M\u00e9xico.<\/p>\n\n\n\n<p>Ciudad de M\u00e9xico, a 10 de agosto de 2024.-Danae Ahuja Aparicio es una ni\u00f1a originaria de la comunidad de San Miguel el Grande, Oaxaca, quien con solo 10 a\u00f1os y sin formaci\u00f3n especializada en la actuaci\u00f3n logr\u00f3 debutar en el cine mexicano y ser la primera ni\u00f1a mixteca nominada al Ariel por su participaci\u00f3n como protagonista en \u2018Valentina o la serenidad\u2019, segundo largometraje de la cineasta \u00c1ngeles Cruz.<\/p>\n\n\n\n<p>En este filme, Danae interpreta a una ni\u00f1a de nueve a\u00f1os llamada Valentina, quien a trav\u00e9s de una capa hecha con un trapo de cocina y un sombrero debe enfrentarse a la dolorosa muerte de su padre en medio de una familia que utiliza el silencio como principal recurso para afrontar la p\u00e9rdida.<\/p>\n\n\n\n<p>En entrevista con Infobae M\u00e9xico, Danae Ahuja comparti\u00f3 que fue seleccionada para protagonizar el segundo filme de \u00c1ngeles Cruz, originaria de la comunidad vecina llamada Villa Guadalupe Victoria, tras participar en tres talleres dirigidos por la cineasta y junto a la actriz Myriam Bravo, quien tambi\u00e9n interpreta a la madre de Valentina.<\/p>\n\n\n\n<p>Seg\u00fan la madre de Danae, Elizabeth Aparicio, quien es maestra de bachillerato y sembradora, \u00c1ngeles Cruz y Myriam Bravo las visitaron en su hogar un d\u00eda de 2022 con la intenci\u00f3n de que la ni\u00f1a y sus dos hermanas participaran en los talleres de selecci\u00f3n para los protagonistas de su largometraje.<\/p>\n\n\n\n<figure class=\"wp-block-image size-full\"><img decoding=\"async\" width=\"1440\" height=\"810\" src=\"https:\/\/zonaroja.com.mx\/wp-content\/uploads\/2024\/08\/Valentina-o-la-serenidad.jpg.avif\" alt=\"\" class=\"wp-image-71241\" \/><\/figure>\n\n\n\n<p>Danae, quien mencion\u00f3 no estar interesada en la actuaci\u00f3n hasta este proyecto, fue aceptada por la cineasta tras participar en talleres en los que tuvo que aprender palabras en mixteco y recitar un poema. Al respecto, \u00c1ngeles Cruz record\u00f3 que la principal caracter\u00edstica por la que eligi\u00f3 a la ni\u00f1a fue por su disciplina y motivaci\u00f3n para aprender la lengua, quien en compa\u00f1\u00eda de su abuela complementaba los talleres.<\/p>\n\n\n\n<p>\u00c1ngeles Cruz dijo que disfruta trabajar con personas de su comunidad que no cuentan con experiencia actoral. Asimismo, comparti\u00f3 que esta tradici\u00f3n forma parte de su necesidad de contar aquellas cosas que la atraviesan desde sus or\u00edgenes, como lo son el racismo, los estereotipos y el abuso sexual infantil, adem\u00e1s asegur\u00f3 que filmar en Villa Guadalupe Victoria \u201cpara m\u00ed ha sido el encuentro con mi esp\u00edritu\u201d.<\/p>\n\n\n\n<p>Al ser aceptada, Danae expres\u00f3 sentirse muy emocionada por ser la protagonista del segundo largometraje de \u00c1ngeles Cruz, por lo que su preparaci\u00f3n comenz\u00f3 al enterarse que deb\u00eda aprender no solo mixteco, sino tambi\u00e9n a nadar.<\/p>\n\n\n\n<p>\u2018Valentina o la serenidad\u2019 es un filme con tintes autobiogr\u00e1ficos en el que \u00c1ngeles Cruz encontr\u00f3 a su ni\u00f1a de nueve a\u00f1os que perdi\u00f3 a su padre tras un accidente, quien debi\u00f3 enfrentar la muerte y ausencia de su figura paterna ante el silencio caracter\u00edstico de su familia originaria de Oaxaca. Estos simbolismos forman parte de la historia de Valentina, una ni\u00f1a que atraviesa el dolor en comunidad, con una madre y un amigo llamado Pedrito que siempre la acompa\u00f1an.<\/p>\n\n\n\n<p>M\u00e1s informaci\u00f3n en Infobae:<\/p>\n\n\n\n<figure class=\"wp-block-embed\"><div class=\"wp-block-embed__wrapper\">\nhttps:\/\/www.infobae.com\/mexico\/2024\/08\/09\/danae-ahuja-la-primera-nina-mixteca-nominada-al-ariel-tras-su-debut-en-el-cine-no-importa-si-gane-o-no-estoy-agradecida\n<\/div><\/figure>\n","protected":false},"excerpt":{"rendered":"<p>Redacci\u00f3n\/Zona Roja Cdmx. Foto: Infobae M\u00e9xico. Ciudad de M\u00e9xico, a 10 de agosto de 2024.-Danae&hellip;<\/p>\n","protected":false},"author":2,"featured_media":71258,"comment_status":"closed","ping_status":"open","sticky":false,"template":"","format":"standard","meta":{"_lmt_disableupdate":"","_lmt_disable":"","_jetpack_memberships_contains_paid_content":false,"footnotes":""},"categories":[109,46],"tags":[2510],"class_list":["post-71257","post","type-post","status-publish","format-standard","has-post-thumbnail","hentry","category-minuto-a-minuto","category-zona-blanca","tag-angeles-cruz-murillo"],"jetpack_featured_media_url":"https:\/\/zonaroja.com.mx\/wp-content\/uploads\/2024\/08\/Angeles-Cruz-y-Valentina-o-la-serenidad.jpg","jetpack_sharing_enabled":true,"_links":{"self":[{"href":"https:\/\/zonaroja.com.mx\/index.php?rest_route=\/wp\/v2\/posts\/71257","targetHints":{"allow":["GET"]}}],"collection":[{"href":"https:\/\/zonaroja.com.mx\/index.php?rest_route=\/wp\/v2\/posts"}],"about":[{"href":"https:\/\/zonaroja.com.mx\/index.php?rest_route=\/wp\/v2\/types\/post"}],"author":[{"embeddable":true,"href":"https:\/\/zonaroja.com.mx\/index.php?rest_route=\/wp\/v2\/users\/2"}],"replies":[{"embeddable":true,"href":"https:\/\/zonaroja.com.mx\/index.php?rest_route=%2Fwp%2Fv2%2Fcomments&post=71257"}],"version-history":[{"count":2,"href":"https:\/\/zonaroja.com.mx\/index.php?rest_route=\/wp\/v2\/posts\/71257\/revisions"}],"predecessor-version":[{"id":71266,"href":"https:\/\/zonaroja.com.mx\/index.php?rest_route=\/wp\/v2\/posts\/71257\/revisions\/71266"}],"wp:featuredmedia":[{"embeddable":true,"href":"https:\/\/zonaroja.com.mx\/index.php?rest_route=\/wp\/v2\/media\/71258"}],"wp:attachment":[{"href":"https:\/\/zonaroja.com.mx\/index.php?rest_route=%2Fwp%2Fv2%2Fmedia&parent=71257"}],"wp:term":[{"taxonomy":"category","embeddable":true,"href":"https:\/\/zonaroja.com.mx\/index.php?rest_route=%2Fwp%2Fv2%2Fcategories&post=71257"},{"taxonomy":"post_tag","embeddable":true,"href":"https:\/\/zonaroja.com.mx\/index.php?rest_route=%2Fwp%2Fv2%2Ftags&post=71257"}],"curies":[{"name":"wp","href":"https:\/\/api.w.org\/{rel}","templated":true}]}}