{"id":71260,"date":"2024-08-10T14:19:00","date_gmt":"2024-08-10T20:19:00","guid":{"rendered":"https:\/\/zonaroja.com.mx\/?p=71260"},"modified":"2024-08-10T08:20:15","modified_gmt":"2024-08-10T14:20:15","slug":"la-union-europea-pide-tambien-que-detengan-a-putin-si-viene-a-mexico","status":"publish","type":"post","link":"https:\/\/zonaroja.com.mx\/?p=71260","title":{"rendered":"La Uni\u00f3n Europea pide tambi\u00e9n que detengan a Putin si viene a M\u00e9xico"},"content":{"rendered":"\n<p>Redacci\u00f3n\/Zona Roja Cdmx.<\/p>\n\n\n\n<p>Ciudad de M\u00e9xico, a 10 de agosto de 2024.- La Uni\u00f3n Europea se\u00f1al\u00f3 este viernes 9 de agosto su expectativa de que las autoridades de M\u00e9xico cumplan con sus obligaciones como miembro del Tribunal Penal Internacional (TPI) y detenga al presidente ruso, Vladimir Putin, si acude a la investidura de la presidenta electa, Claudia Sheinbaum, en el mes de octubre.<\/p>\n\n\n\n<p>\u201cM\u00e9xico, como todos los dem\u00e1s pa\u00edses, tiene derecho a desarrollar sus v\u00ednculos internacionales de acuerdo con sus propios intereses\u201d, ha indicado el portavoz de Exteriores de la UE, Peter Stano, en declaraciones a Europa Press sobre la pol\u00e9mica invitaci\u00f3n a Putin para presenciar la investidura de la nueva presidenta, pese a la orden de detenci\u00f3n que pesa contra \u00e9l, lo que obligar\u00eda a detenerle si pone pie en suelo mexicano.<\/p>\n\n\n\n<p>En este sentido, Stano ha subrayado que el bloque europeo \u201cconf\u00eda\u201d en que M\u00e9xico cumpla con sus obligaciones como miembro de la TPI. Recuerdan en Bruselas que M\u00e9xico es Estado parte del TPI desde 2005, con las obligaciones legales aparejadas a ello.<\/p>\n\n\n\n<p>En todo caso, el portavoz europeo ha insistido en el historial de M\u00e9xico, que se ha sumado a la mayor\u00eda de pa\u00edses de la comunidad internacional en la condena a la agresi\u00f3n rusa en Naciones Unidas, o su papel en distintas cumbres de paz en las que se ha recalcado que la Carta de las Naciones Unidas y el derecho internacional tienen que ser el n\u00facleo de un futuro proceso de paz para lograr una paz justa, duradera y global en Ucrania<\/p>\n\n\n\n<p>Frente a las violaciones rusas en Ucrania, la UE subraya que todo esto evidencia que el Kremlin no respeta el derecho internacional ni la soberan\u00eda de los pa\u00edses y recurre a la fuerza para impulsar sus \u201cobjetivos neoimperialistas\u201d. \u201cEste comportamiento, si no recibe respuesta, podr\u00eda animar a otros pa\u00edses a utilizar la fuerza militar para cambiar las fronteras\u201d, ha se\u00f1alado Stano.<\/p>\n\n\n\n<p>Sobre Putin pesa una orden de detenci\u00f3n dictada por el TPI, del que M\u00e9xico forma parte, por los presuntos abusos cometidos en el marco de la ofensiva en Ucrania. El actual presidente de M\u00e9xico, Andr\u00e9s Manuel L\u00f3p\u00e9z Obrador, ha confirmado que las autoridades mexicanas no detendr\u00edan al presidente ruso en caso de que acuda el 1 de octubre a la toma de posesi\u00f3n de Sheinbaum, para la que est\u00e1 invitado formalmente.<\/p>\n\n\n\n<p>Seg\u00fan L\u00f3pez Obrador, a M\u00e9xico \u201cno le corresponde\u201d ejecutar el arresto. \u201cEstamos en contra de las guerras, a favor de la paz y lo que hemos propuesto en el caso de la guerra de Rusia y Ucrania es acuerdos\u201d, ha argumentado.<\/p>\n\n\n\n<p>(Informaci\u00f3n de Europa Press en \u201cEl Financiero\u201d)<\/p>\n","protected":false},"excerpt":{"rendered":"<p>Redacci\u00f3n\/Zona Roja Cdmx. Ciudad de M\u00e9xico, a 10 de agosto de 2024.- La Uni\u00f3n Europea&hellip;<\/p>\n","protected":false},"author":2,"featured_media":66607,"comment_status":"closed","ping_status":"open","sticky":false,"template":"","format":"standard","meta":{"_lmt_disableupdate":"","_lmt_disable":"","_jetpack_memberships_contains_paid_content":false,"footnotes":""},"categories":[109,47],"tags":[4018],"class_list":["post-71260","post","type-post","status-publish","format-standard","has-post-thumbnail","hentry","category-minuto-a-minuto","category-zona-gris","tag-vladimir-putin"],"jetpack_featured_media_url":"https:\/\/zonaroja.com.mx\/wp-content\/uploads\/2024\/03\/Bladimir-Putin-Rusia.jpg.webp","jetpack_sharing_enabled":true,"_links":{"self":[{"href":"https:\/\/zonaroja.com.mx\/index.php?rest_route=\/wp\/v2\/posts\/71260","targetHints":{"allow":["GET"]}}],"collection":[{"href":"https:\/\/zonaroja.com.mx\/index.php?rest_route=\/wp\/v2\/posts"}],"about":[{"href":"https:\/\/zonaroja.com.mx\/index.php?rest_route=\/wp\/v2\/types\/post"}],"author":[{"embeddable":true,"href":"https:\/\/zonaroja.com.mx\/index.php?rest_route=\/wp\/v2\/users\/2"}],"replies":[{"embeddable":true,"href":"https:\/\/zonaroja.com.mx\/index.php?rest_route=%2Fwp%2Fv2%2Fcomments&post=71260"}],"version-history":[{"count":1,"href":"https:\/\/zonaroja.com.mx\/index.php?rest_route=\/wp\/v2\/posts\/71260\/revisions"}],"predecessor-version":[{"id":71261,"href":"https:\/\/zonaroja.com.mx\/index.php?rest_route=\/wp\/v2\/posts\/71260\/revisions\/71261"}],"wp:featuredmedia":[{"embeddable":true,"href":"https:\/\/zonaroja.com.mx\/index.php?rest_route=\/wp\/v2\/media\/66607"}],"wp:attachment":[{"href":"https:\/\/zonaroja.com.mx\/index.php?rest_route=%2Fwp%2Fv2%2Fmedia&parent=71260"}],"wp:term":[{"taxonomy":"category","embeddable":true,"href":"https:\/\/zonaroja.com.mx\/index.php?rest_route=%2Fwp%2Fv2%2Fcategories&post=71260"},{"taxonomy":"post_tag","embeddable":true,"href":"https:\/\/zonaroja.com.mx\/index.php?rest_route=%2Fwp%2Fv2%2Ftags&post=71260"}],"curies":[{"name":"wp","href":"https:\/\/api.w.org\/{rel}","templated":true}]}}