{"id":71268,"date":"2024-08-11T07:30:00","date_gmt":"2024-08-11T13:30:00","guid":{"rendered":"https:\/\/zonaroja.com.mx\/?p=71268"},"modified":"2024-08-11T06:14:29","modified_gmt":"2024-08-11T12:14:29","slug":"politicos-y-funcionario-de-la-fiscalia-involucrados-en-el-caso-mayo-zambada","status":"publish","type":"post","link":"https:\/\/zonaroja.com.mx\/?p=71268","title":{"rendered":"Pol\u00edticos y funcionario de la Fiscal\u00eda, involucrados en el caso \u201cMayo\u201d Zambada"},"content":{"rendered":"\n<p>Redacci\u00f3n\/Zona Roja Cdmx.<\/p>\n\n\n\n<p>Ciudad de M\u00e9xico, a 11 de agosto de 2024.- Ismael \u2018El Mayo\u2019 Zambada finalmente rompi\u00f3 el silencio luego de haber sido detenido junto a Joaqu\u00edn Guzm\u00e1n L\u00f3pez el pasado 25 de julio.&nbsp;<\/p>\n\n\n\n<p>Adem\u00e1s de se\u00f1alar supuestos nexos entre el gobierno de Sinaloa (con el gobernador Rub\u00e9n Rocha) y el C\u00e1rtel de Sinaloa, el notorio narcotraficante revel\u00f3 haber contado con protecci\u00f3n de un miembro de una dependencia de seguridad de la entidad.<\/p>\n\n\n\n<p>A trav\u00e9s de una carta dada a conocer por su abogado Frank A. P\u00e9rez y difundida por el periodista Keegan Hamilton, Zambada Garc\u00eda puso fin a los rumores sobre su captura y asegur\u00f3 que fue secuestrado por Guzm\u00e1n L\u00f3pez, integrante de \u201cLos Chapitos\u201d e hijo de su antiguo socio, Joaqu\u00edn \u2018El Chapo\u2019 Guzm\u00e1n.<\/p>\n\n\n\n<p>Seg\u00fan declar\u00f3, \u2018El G\u00fcero Moreno\u2019 \u2015como tambi\u00e9n es conocido Joaqu\u00edn\u2015 le pidi\u00f3 viajar a Culiac\u00e1n para participar en reuni\u00f3n para resolver un conflicto entre dos pol\u00edticos sinaloenses: Rub\u00e9n Rocha Moya, el actual gobernador, y H\u00e9ctor Melesio Cu\u00e9n, exrector de la Universidad Aut\u00f3noma de Sinaloa (UAS).<\/p>\n\n\n\n<p>El relato indica que, derivado de la importancia del encuentro y la confianza hacia Guzm\u00e1n L\u00f3pez, la ma\u00f1ana del 25 de julio \u2018El Mayo\u2019 Zambada acudi\u00f3 al punto del encuentro acompa\u00f1ado de un equipo de seguridad de cuatro personas.<\/p>\n\n\n\n<p>Sin mayor problema, el capo originario de El \u00c1lamo revel\u00f3 el nombre de dos de ellos:<\/p>\n\n\n\n<p>Rodolfo Chaidez, a quien identific\u00f3 como un antiguo miembro de su equipo de seguridad.<\/p>\n\n\n\n<p>Jos\u00e9 Rosario Heras L\u00f3pez, comandante de la polic\u00eda judicial de Sinaloa, es decir, de la Fiscal\u00eda General del Estado (FGE).<\/p>\n\n\n\n<p>Explic\u00f3 que ellos dos ingresaron con el al rancho y centro de eventos llamado Huertos del Pedregal, mientras que los otros dos integrantes, de los que no mencion\u00f3 su identidad, se quedaron fuera del per\u00edmetro. Sin embargo, una vez al interior del inmueble, los tres fueron emboscados por presuntos hombres al servicio de Guzm\u00e1n L\u00f3pez.<\/p>\n\n\n\n<p>\u201cTan pronto como puse un pie dentro de esa habitaci\u00f3n, fui emboscado. Un grupo de hombres me asalt\u00f3, me derribaron y me pusieron un pasamonta\u00f1as de color oscuro sobre la cabeza. Me ataron y me esposaron, luego me forzaron a subir a la parte trasera de una camioneta.<\/p>\n\n\n\n<p>\u201dDurante todo este calvario, fui sometido a abusos f\u00edsicos que resultaron en lesiones significativas en mi espalda, rodilla y mu\u00f1ecas. Luego me llevaron a una pista de aterrizaje a unos 20 o 25 minutos de distancia, donde me obligaron a subir a un avi\u00f3n privado\u201d, relat\u00f3.<\/p>\n\n\n\n<p>Dis o tres horas despu\u00e9s de estos hechos, Zambada Garc\u00eda aterriz\u00f3 en Texas, donde finalmente fue asegurado por miembros del Bur\u00f3 Federal de Investigaciones (FBI, por sus siglas en ingl\u00e9s).<\/p>\n\n\n\n<p>De sus acompa\u00f1antes, refiri\u00f3, no se sabe nada. \u201cNadie los ha visto desde entonces\u201d, escribi\u00f3.<\/p>\n\n\n\n<p>(Informaci\u00f3n de Infobae M\u00e9xico)<\/p>\n","protected":false},"excerpt":{"rendered":"<p>Redacci\u00f3n\/Zona Roja Cdmx. Ciudad de M\u00e9xico, a 11 de agosto de 2024.- Ismael \u2018El Mayo\u2019&hellip;<\/p>\n","protected":false},"author":2,"featured_media":71269,"comment_status":"closed","ping_status":"open","sticky":false,"template":"","format":"standard","meta":{"_lmt_disableupdate":"","_lmt_disable":"","_jetpack_memberships_contains_paid_content":false,"footnotes":""},"categories":[109,47],"tags":[3847],"class_list":["post-71268","post","type-post","status-publish","format-standard","has-post-thumbnail","hentry","category-minuto-a-minuto","category-zona-gris","tag-ismael-el-mayo-zambada"],"jetpack_featured_media_url":"https:\/\/zonaroja.com.mx\/wp-content\/uploads\/2024\/08\/Carta-Mayo-Zambada-gobernador-Sinaloa.jpeg","jetpack_sharing_enabled":true,"_links":{"self":[{"href":"https:\/\/zonaroja.com.mx\/index.php?rest_route=\/wp\/v2\/posts\/71268","targetHints":{"allow":["GET"]}}],"collection":[{"href":"https:\/\/zonaroja.com.mx\/index.php?rest_route=\/wp\/v2\/posts"}],"about":[{"href":"https:\/\/zonaroja.com.mx\/index.php?rest_route=\/wp\/v2\/types\/post"}],"author":[{"embeddable":true,"href":"https:\/\/zonaroja.com.mx\/index.php?rest_route=\/wp\/v2\/users\/2"}],"replies":[{"embeddable":true,"href":"https:\/\/zonaroja.com.mx\/index.php?rest_route=%2Fwp%2Fv2%2Fcomments&post=71268"}],"version-history":[{"count":1,"href":"https:\/\/zonaroja.com.mx\/index.php?rest_route=\/wp\/v2\/posts\/71268\/revisions"}],"predecessor-version":[{"id":71270,"href":"https:\/\/zonaroja.com.mx\/index.php?rest_route=\/wp\/v2\/posts\/71268\/revisions\/71270"}],"wp:featuredmedia":[{"embeddable":true,"href":"https:\/\/zonaroja.com.mx\/index.php?rest_route=\/wp\/v2\/media\/71269"}],"wp:attachment":[{"href":"https:\/\/zonaroja.com.mx\/index.php?rest_route=%2Fwp%2Fv2%2Fmedia&parent=71268"}],"wp:term":[{"taxonomy":"category","embeddable":true,"href":"https:\/\/zonaroja.com.mx\/index.php?rest_route=%2Fwp%2Fv2%2Fcategories&post=71268"},{"taxonomy":"post_tag","embeddable":true,"href":"https:\/\/zonaroja.com.mx\/index.php?rest_route=%2Fwp%2Fv2%2Ftags&post=71268"}],"curies":[{"name":"wp","href":"https:\/\/api.w.org\/{rel}","templated":true}]}}