{"id":71271,"date":"2024-08-11T08:48:00","date_gmt":"2024-08-11T14:48:00","guid":{"rendered":"https:\/\/zonaroja.com.mx\/?p=71271"},"modified":"2024-08-11T06:52:23","modified_gmt":"2024-08-11T12:52:23","slug":"otro-ejecutado-en-el-istmo-ahora-en-salina-cruz-tambien-en-miahuatlan","status":"publish","type":"post","link":"https:\/\/zonaroja.com.mx\/?p=71271","title":{"rendered":"Otro ejecutado en el Istmo, ahora en Salina Cruz; tambi\u00e9n en Miahuatl\u00e1n"},"content":{"rendered":"\n<p>Raymundo Morales\/Zona Roja.<\/p>\n\n\n\n<p>Oaxaca de Ju\u00e1rez, Oax., a 11 de agosto de 2024.- Un taxista fue ejecutado anoche en el municipio de Salina Cruz, mientras que la v\u00edspera, un individuo fue atacado a balazos.<\/p>\n\n\n\n<p>El conductor de la unidad de motor con n\u00famero econ\u00f3mico 353 fue acribillado cuando transitaba sobre el perif\u00e9rico de la colonia Barrio Ju\u00e1rez parte alta; la identidad se desconoce hasta el momento.<\/p>\n\n\n\n<p>El cuerpo qued\u00f3 en el interior del taxi y las autoridades policiacas de esa ciudad y puerto de la regi\u00f3n de Istmo no han reportad alguna detenci\u00f3n.<\/p>\n\n\n\n<p>Veinticuatro horas antes, tambi\u00e9n en Salina Cruz pero en la colonia Benito Ju\u00e1rez, un individuo identificado como Jos\u00e9 Luis P., hab\u00eda sido atacado a balazos y trasladado a un hospital.<\/p>\n\n\n\n<p>EN MIAHUATL\u00c1N<\/p>\n\n\n\n<p>Por otra parte, en Miahuatl\u00e1n de Porfirio D\u00edaz, municipio de la regi\u00f3n Sierra sur de Oaxaca, una persona del sexo masculino fue ultimada por disparos de arma de fuego.<\/p>\n\n\n\n<p>El crimen ocurri\u00f3 en la calle Hidalgo, cerca de una iglesia y la v\u00edctima viajaba a bordo de una motocicleta cuando fue acribillado; hasta el momento la v\u00edctima no ha sido identificada y se calcula que ten\u00eda entre 25 y 30 a\u00f1os de edad.<\/p>\n\n\n\n<p>Apenas el viernes un domicilio del rancho \u201cLa Esperanza\u201d de Mihuatl\u00e1n fue atacado a balazos; no se tiene reporte de v\u00edctimas y \u00fanicamente se difundieron im\u00e1genes de los m\u00faltiples impactos en las paredes.<\/p>\n","protected":false},"excerpt":{"rendered":"<p>Raymundo Morales\/Zona Roja. Oaxaca de Ju\u00e1rez, Oax., a 11 de agosto de 2024.- Un taxista&hellip;<\/p>\n","protected":false},"author":2,"featured_media":71275,"comment_status":"closed","ping_status":"open","sticky":false,"template":"","format":"standard","meta":{"_lmt_disableupdate":"","_lmt_disable":"","_jetpack_memberships_contains_paid_content":false,"footnotes":""},"categories":[109,51],"tags":[168],"class_list":["post-71271","post","type-post","status-publish","format-standard","has-post-thumbnail","hentry","category-minuto-a-minuto","category-zona-roja","tag-salina-cruz"],"jetpack_featured_media_url":"https:\/\/zonaroja.com.mx\/wp-content\/uploads\/2024\/08\/Ejecutado-en-Miahuatlan.jpg","jetpack_sharing_enabled":true,"_links":{"self":[{"href":"https:\/\/zonaroja.com.mx\/index.php?rest_route=\/wp\/v2\/posts\/71271","targetHints":{"allow":["GET"]}}],"collection":[{"href":"https:\/\/zonaroja.com.mx\/index.php?rest_route=\/wp\/v2\/posts"}],"about":[{"href":"https:\/\/zonaroja.com.mx\/index.php?rest_route=\/wp\/v2\/types\/post"}],"author":[{"embeddable":true,"href":"https:\/\/zonaroja.com.mx\/index.php?rest_route=\/wp\/v2\/users\/2"}],"replies":[{"embeddable":true,"href":"https:\/\/zonaroja.com.mx\/index.php?rest_route=%2Fwp%2Fv2%2Fcomments&post=71271"}],"version-history":[{"count":1,"href":"https:\/\/zonaroja.com.mx\/index.php?rest_route=\/wp\/v2\/posts\/71271\/revisions"}],"predecessor-version":[{"id":71276,"href":"https:\/\/zonaroja.com.mx\/index.php?rest_route=\/wp\/v2\/posts\/71271\/revisions\/71276"}],"wp:featuredmedia":[{"embeddable":true,"href":"https:\/\/zonaroja.com.mx\/index.php?rest_route=\/wp\/v2\/media\/71275"}],"wp:attachment":[{"href":"https:\/\/zonaroja.com.mx\/index.php?rest_route=%2Fwp%2Fv2%2Fmedia&parent=71271"}],"wp:term":[{"taxonomy":"category","embeddable":true,"href":"https:\/\/zonaroja.com.mx\/index.php?rest_route=%2Fwp%2Fv2%2Fcategories&post=71271"},{"taxonomy":"post_tag","embeddable":true,"href":"https:\/\/zonaroja.com.mx\/index.php?rest_route=%2Fwp%2Fv2%2Ftags&post=71271"}],"curies":[{"name":"wp","href":"https:\/\/api.w.org\/{rel}","templated":true}]}}