{"id":71277,"date":"2024-08-11T08:50:00","date_gmt":"2024-08-11T14:50:00","guid":{"rendered":"https:\/\/zonaroja.com.mx\/?p=71277"},"modified":"2024-08-11T07:14:08","modified_gmt":"2024-08-11T13:14:08","slug":"quitan-a-medias-bloqueo-en-huatulco-les-prometen-reunion-el-martes","status":"publish","type":"post","link":"https:\/\/zonaroja.com.mx\/?p=71277","title":{"rendered":"Quitan a medias bloqueo en Huatulco; les prometen reuni\u00f3n el martes"},"content":{"rendered":"\n<p>Raymundo Morales\/Zona Roja.<\/p>\n\n\n\n<p>Oaxaca de Ju\u00e1rez, Oax., a 11 de agosto de 2024.- A condici\u00f3n de adelantar para el martes una reuni\u00f3n de trabajo, que el gobierno de Oaxaca hab\u00eda ofrecido para el jueves, habitantes de Santa Mar\u00eda Huatulco aceptaron ayer por la tarde retirar parcialmente sus protestas.<\/p>\n\n\n\n<p>De manera preliminar, retiraron el cierre del acceso vial al aeropuerto internacional; sin embargo, la afectaci\u00f3n ya hab\u00eda sido para al memos dos mil 800 pasajeros, con la cancelaci\u00f3n de al menos nueve vuelos.<\/p>\n\n\n\n<p>Sin embargo, mantendr\u00e1n su bloqueo a la carretera federal n\u00famero 200, aunque permitir\u00e1n cada dos horas el paso de las unidades de motor.<\/p>\n\n\n\n<p>Previo a ello, la Secretar\u00eda de Gobierno (Sego) modific\u00f3 su ofrecimiento y cambi\u00f3 de jueves a mi\u00e9rcoles una reuni\u00f3n de trabajo con dependencias estatales y federales.<\/p>\n\n\n\n<p>\u201cLa Sego exhorta a la reflexi\u00f3n sobre las grandes afectaciones que se generan a este destino tur\u00edstico y a la econom\u00eda local\u201d, expuso en un comunicado, al reiterar que dar\u00e1 acompa\u00f1amiento a la problem\u00e1tica de car\u00e1cter federal.<\/p>\n\n\n\n<p>Sin embargo, los comuneros determinaron posteriormente que la reuni\u00f3n deb\u00eda ser el pr\u00f3ximo martes, a cambio de lo cual flexibilizaron sus movilizaciones y bajaron de intensidad los bloqueos.<\/p>\n\n\n\n<p>LAS AFECTACIONES<\/p>\n\n\n\n<p>De acuerdo con informaci\u00f3n del periodista Omar Gasga, m\u00e1s de dos mil 800 pasajeros fueron afectados este s\u00e1bado al cancelarse los nueve vuelos programados en el aeropuerto internacional de Huatulco, por el bloqueo del acceso &nbsp;principal y dos entradas de emergencia realizado por un grupo de pobladores de Bajos de Coyula.<\/p>\n\n\n\n<p>Las aerol\u00edneas Volaris, VivaAerobus y Aerom\u00e9xico pr\u00e1cticamente cancelaron tres vuelos cada una, de los cuales seis proven\u00edan de la Ciudad de M\u00e9xico, uno de Guadalajara, uno de Monterrey y uno mas del Aeropuerto Internacional Felipe \u00c1ngeles.<\/p>\n\n\n\n<p>De acuerdo con fuentes de la terminal aeropuertuaria, son mil 310 pasajeros que debieron llegar ayer a Huatulco y mil 510 que partir\u00edan a la Ciudad de Mexico, donde algunos ten\u00edan conectividad con vuelos nacionales e internacionales, como el caso de cuatro integrantes de una familia de Espa\u00f1a que volar\u00eda despu\u00e9s a Madrid, o el de otras cinco personas que transbordar\u00edan a Veracruz y Tamaulipas.<\/p>\n\n\n\n<p>Un grupo de pobladores de Bajos de Coyula bloquea desde la ma\u00f1ana del viernes la carretera federal 200 en el tramo del aeropuerto de Huatulco al centro turistico de Santa Cruz Huatulco, inconformes con el plan del gobierno federal de crear un \u00e1rea natural protegida de mas de dos mil 800 hect\u00e1reas.<\/p>\n\n\n\n<p>El argumento es que en este pol\u00edgono quedan incluidas parcelas y \u00e1reas habitadas en la misma comunidad de Bajos de Coyula y otros asentamientos humanos conocidos como La Uni\u00f3n 1, La Uni\u00f3n 2 y El Zapote, en esta zona expropiada al municipio de Santa Mar\u00eda Huatulco en mayo de 1984 mediante decreto presidencial.<\/p>\n\n\n\n<p>Dado el descontento de quienes se dicen afectados con la creaci\u00f3n de esta nueva \u00e1rea natural protegida, tambi\u00e9n algunos pobladores de la comunidad vecina de Bajos del Arenal se sumaron a &nbsp;la protesta pero en este caso para exigir la reversi\u00f3n de sus cinco mil hect\u00e1reas de tierras pasaron a manos del gobierno federal desde hace 40 a\u00f1os.&nbsp;<\/p>\n\n\n\n<p>En mayo de 1984 mediante un decreto firmado por el entonces presidente Miguel de la Madrid Hurtado se le expropi\u00f3 a la comunidad agraria de Santa Mar\u00eda Huatulco toda su franja costera, una superficie de casi 21 mil hect\u00e1reas de tierras comunales.&nbsp;<\/p>\n\n\n\n<p>LA EXPROPIACI\u00d3N<\/p>\n\n\n\n<p>Desde entonces esta superficie dej\u00f3 de estar bajo el r\u00e9gimen comunal y pas\u00f3 a ser propiedad federal, con el objetivo de consumar el proyecto denominado Bah\u00edas de Huatulco, que significaba la construcci\u00f3n de infraestructura urbana y tur\u00edstica en las agencias municipales de Santa Cruz Huatulco, Bajos del Arenal y Bajos de Coyula, comunidades que quedaron dentro de este pol\u00edgono.&nbsp;<\/p>\n\n\n\n<p>En ese periodo de 40 a\u00f1os el gobierno federal se vio acotado en sus metas y s\u00f3lo logr\u00f3 realizar parte el proyecto, en unas nueve mil hect\u00e1reas de la agencia municipal de Santa Cruz Huatulco, donde s\u00ed se efectu\u00f3 la reubicaci\u00f3n de los antiguos pobladores para la creaci\u00f3n de una zona urbana dotada de servicios p\u00fablicos con orden y planeaci\u00f3n, bajo la direcci\u00f3n del Fondo Nacional de Fomento al Turismo (Fonatur)&nbsp;<\/p>\n\n\n\n<p>Las tierras expropiadas en las agencias municipales de Bajos del Arenal y Bajos de Coyula quedaron, a\u00fan despu\u00e9s del decreto de expropiaci\u00f3n de 1984, en manos de los pobladores, en sus propias viviendas y\/o en sus terrenos de uso agr\u00edcola o pecuario.<\/p>\n\n\n\n<p>El actual gobierno federal decidi\u00f3 en 2023 suprimir la presencia del Fonatur en Huatulco y entregar, desde el 1 de enero de 2024 la administraci\u00f3n y operaci\u00f3n del polo tur\u00edstico creado en Santa Cruz Huatulco, al gobierno estatal, que a su vez lo puso en manos del Fideicomiso para el Desarrollo Log\u00edstico del Estado de Oaxaca.<\/p>\n\n\n\n<p>Previo a este paso, la administraci\u00f3n federal inici\u00f3 con un proceso de convertir toda la reserva territorial que estuvo en manos del Fonatur por casi cuatro d\u00e9cadas en \u00e1reas naturales protegidas, mediante decretos presidenciales que ya fueron publicados en el Diario Oficial de la Federaci\u00f3n.<\/p>\n\n\n\n<p>En agosto de 2023 se hizo oficial la creaci\u00f3n del Parque Nacional Huatulco 2, Parque Nacional Ricargo Flores Mag\u00f3n y el Area Natural de Protecci\u00f3n de Flora y Fauna Bajos de Coyula, y en el transcurso de los primeros meses del 2024 el establecimiento del Parque Nacional Tangolunda, que incuy\u00f3 las mas de 80 hect\u00e1reas que por casi cuatro d\u00e9cadas fue el campo de golf, ubicado en la bah\u00eda Tangolunda.<\/p>\n\n\n\n<p>La creaci\u00f3n de estas cuatro \u00e1rea naturales protegidas no hab\u00edan generado reacciones como la que desde ayer lleva a cabo un grupo de pobladores de Bajos de Coyula y Bajos del Arenal que se dice afectado por la poligonal de la quinta \u00e1rea natural protegida que el gobierno federal pretende establecer sobre esta \u00faltima reserva territorial de 2 mil 800 hect\u00e1reas para consumar un ordenamiento territorial comunitario y de certeza jur\u00eddica en la tenencia de la tierra.<\/p>\n","protected":false},"excerpt":{"rendered":"<p>Raymundo Morales\/Zona Roja. Oaxaca de Ju\u00e1rez, Oax., a 11 de agosto de 2024.- A condici\u00f3n&hellip;<\/p>\n","protected":false},"author":2,"featured_media":71278,"comment_status":"closed","ping_status":"open","sticky":false,"template":"","format":"standard","meta":{"_lmt_disableupdate":"","_lmt_disable":"","_jetpack_memberships_contains_paid_content":false,"footnotes":""},"categories":[109,47],"tags":[1336],"class_list":["post-71277","post","type-post","status-publish","format-standard","has-post-thumbnail","hentry","category-minuto-a-minuto","category-zona-gris","tag-bahias-de-huatulco"],"jetpack_featured_media_url":"https:\/\/zonaroja.com.mx\/wp-content\/uploads\/2024\/08\/Bloqueo-Huatulco-carreetera.jpg","jetpack_sharing_enabled":true,"_links":{"self":[{"href":"https:\/\/zonaroja.com.mx\/index.php?rest_route=\/wp\/v2\/posts\/71277","targetHints":{"allow":["GET"]}}],"collection":[{"href":"https:\/\/zonaroja.com.mx\/index.php?rest_route=\/wp\/v2\/posts"}],"about":[{"href":"https:\/\/zonaroja.com.mx\/index.php?rest_route=\/wp\/v2\/types\/post"}],"author":[{"embeddable":true,"href":"https:\/\/zonaroja.com.mx\/index.php?rest_route=\/wp\/v2\/users\/2"}],"replies":[{"embeddable":true,"href":"https:\/\/zonaroja.com.mx\/index.php?rest_route=%2Fwp%2Fv2%2Fcomments&post=71277"}],"version-history":[{"count":1,"href":"https:\/\/zonaroja.com.mx\/index.php?rest_route=\/wp\/v2\/posts\/71277\/revisions"}],"predecessor-version":[{"id":71279,"href":"https:\/\/zonaroja.com.mx\/index.php?rest_route=\/wp\/v2\/posts\/71277\/revisions\/71279"}],"wp:featuredmedia":[{"embeddable":true,"href":"https:\/\/zonaroja.com.mx\/index.php?rest_route=\/wp\/v2\/media\/71278"}],"wp:attachment":[{"href":"https:\/\/zonaroja.com.mx\/index.php?rest_route=%2Fwp%2Fv2%2Fmedia&parent=71277"}],"wp:term":[{"taxonomy":"category","embeddable":true,"href":"https:\/\/zonaroja.com.mx\/index.php?rest_route=%2Fwp%2Fv2%2Fcategories&post=71277"},{"taxonomy":"post_tag","embeddable":true,"href":"https:\/\/zonaroja.com.mx\/index.php?rest_route=%2Fwp%2Fv2%2Ftags&post=71277"}],"curies":[{"name":"wp","href":"https:\/\/api.w.org\/{rel}","templated":true}]}}