{"id":71288,"date":"2024-08-11T10:37:00","date_gmt":"2024-08-11T16:37:00","guid":{"rendered":"https:\/\/zonaroja.com.mx\/?p=71288"},"modified":"2024-08-11T07:39:36","modified_gmt":"2024-08-11T13:39:36","slug":"la-polemica-trayectoria-del-gobernador-morenista-de-sinaloa","status":"publish","type":"post","link":"https:\/\/zonaroja.com.mx\/?p=71288","title":{"rendered":"La pol\u00e9mica trayectoria del gobernador morenista de Sinaloa"},"content":{"rendered":"\n<p>Redacci\u00f3n\/Zona Roja Cdmx.<\/p>\n\n\n\n<p>Ciudad de M\u00e9xico, a 11 de agosto de 2024.- A lo largo de su trayectoria pol\u00edtica y como gobernador de Sinaloa, Rub\u00e9n Rocha Moya ha sido blanco de cr\u00edticas y pol\u00e9micas derivadas de sus declaraciones y posicionamientos sobre diversos temas, entre ellos la propuesta de reelecci\u00f3n de Andr\u00e9s Manuel L\u00f3pez Obrador como presidente de M\u00e9xico.<\/p>\n\n\n\n<p>Este s\u00e1bado 10 de agosto, el gobernador morenista de Sinaloa se vio envuelto en una nueva pol\u00e9mica despu\u00e9s de que el narcotraficante Ismael \u201cEl Mayo\u201d Zambada asegur\u00f3 que se reunir\u00eda con \u00e9l antes de que lo detuvieran y llevaran a Estados Unidos.<\/p>\n\n\n\n<p>Es un pol\u00edtico originario de Badiraguato, y gobernador de Sinaloa desde noviembre de 2021 por el partido Morena. Es licenciado en educaci\u00f3n, maestro en ciencias de la educaci\u00f3n y doctor en Ciencias Sociales.<\/p>\n\n\n\n<p>Antes de ser mandatario sonaloense, Rocha Moya se desempe\u00f1\u00f3 como senador de la Rep\u00fablica de 2018 a 2021 y fue rector de la Universidad Aut\u00f3noma de Sinaloa (UAS) de 1993 a 1997.<\/p>\n\n\n\n<p>Fue miembro del partido socialista, fundador del Partido de la Revoluci\u00f3n Democr\u00e1tica (PRD) donde conoci\u00f3 y se hizo cercano al hoy presidente Andr\u00e9s Manuel L\u00f3pez Obrador. En 2017, se afili\u00f3 al partido Movimiento de Regeneraci\u00f3n Nacional.<\/p>\n\n\n\n<p>LA REUNI\u00d3N<\/p>\n\n\n\n<p>En una carta atribuida al abogado del narcotraficante Ismael \u201cEl Mayo\u201d Zambada publicada este s\u00e1bado 10 de agosto, se asegur\u00f3 que el pasado 25 de julio habr\u00eda una reuni\u00f3n con el gobernador de Sinaloa para tratar temas relacionados con el C\u00e1rtel de Sinaloa.<\/p>\n\n\n\n<p>En un evento p\u00fablico, el mandatario sinaloense se deslind\u00f3 de dicha reuni\u00f3n y afirm\u00f3 que ning\u00fan narcotraficante o grupo del crimen organizado ten\u00eda por qu\u00e9 citarlo para nada.<\/p>\n\n\n\n<p>\u201cNo tiene nadie del crimen organizado que citarme a una reuni\u00f3n. El d\u00eda que seamos incapaces de atender los asuntos del estado, ese d\u00eda nos vamos\u201d, explic\u00f3.<\/p>\n\n\n\n<p>CASOS DE NEPOTISMO<\/p>\n\n\n\n<p>Rocha Moya ha sido se\u00f1alado por presunto nepotismo debido a la asignaci\u00f3n de cargos a familiares y personas cercanas. Su hija, Eneyda Rocha Ruiz, ocupa un puesto honorario como titular del DIF estatal, y su ahijado, Juan de Dios G\u00e1mez Mend\u00edvil, es alcalde sustituto de Culiac\u00e1n.<\/p>\n\n\n\n<p>Estrella Palacios Dom\u00ednguez, otra ahijada del gobernador, fue secretaria de turismo de Sinaloa y en junio de 2024 fue electa como alcaldesa de Mazatl\u00e1n por el partido Morena.<\/p>\n\n\n\n<p>PROPUESTA DE REELECCI\u00d3N<\/p>\n\n\n\n<p>Durante una visita del presidente Andr\u00e9s Manuel L\u00f3pez Obrador por Sinaloa, el gobernador Rub\u00e9n Rocha revel\u00f3 que le propuso al primer mandatario hacer \u201cuna curvita\u201d a la ley para que pudiera reelegirse por otro periodo.<\/p>\n\n\n\n<p>Desde La Concordia Sinaloa, Rocha dijo que esta propuesta tuvo como objetivo que L\u00f3pez Obrador se mantuviera en el poder para continuar con la transformaci\u00f3n del pa\u00eds, pese a que la propia constituci\u00f3n pol\u00edtica no contempla la reelecci\u00f3n presidencial.<\/p>\n\n\n\n<p>\u201cYo digo que no quiero que se vaya (el presidente L\u00f3pez Obrador). Pero \u00e9l est\u00e1 terco que es presidente maderista, el presidente es seguidor de (Francisco I.) Madero, el que dijo: &#8216;Sufragio efectivo no reelecci\u00f3n&#8217;\u201d, apunt\u00f3.<\/p>\n\n\n\n<p>\u201cHIJO HOMOSEXUAL\u201d<\/p>\n\n\n\n<p>El gobernador de Sinaloa, Rub\u00e9n Rocha Moya, caus\u00f3 pol\u00e9mica al afirmar que es m\u00e1s dif\u00edcil para una familia tener un hijo con adicciones que uno homosexual o discapacitado.<\/p>\n\n\n\n<p>\u201cPor fortuna tenemos controlado ( en Sinaloa) el tema de las adicciones, que esto est\u00e1 m\u00e1s feo, mucho mas que tener a un hijo con discapacidad o tener a un hijo homosexual. No soy homof\u00f3bico, les pido que no lo sean, no aborrezcan a las personas homosexules\u201d, apunt\u00f3.<\/p>\n\n\n\n<p>Estas declaraciones fueron hechas durante su segundo Informe de Gobierno el 2 de diciembre, coincidiendo con el D\u00eda Internacional de las Personas con Discapacidad. Estos comentarios causaron controversia entre la comunidad LGBTTTIQ+ y distintos sectores de la sociedad.<\/p>\n\n\n\n<p>DI\u00c1LOGO CON NARCOS<\/p>\n\n\n\n<p>En abril de 2021, cuando era candidato de Morena a la Gubernatura de Sinaloa, Rub\u00e9n Rocha Moya dej\u00f3 la puerta abierta a entablar un di\u00e1logo con Ismael \u201cEl Mayo\u201d Zambada y los hijos de Joaqu\u00edn Guzm\u00e1n Loera, conocidos como \u201cLos Chapitos\u201d.<\/p>\n\n\n\n<p>\u201cSe tendr\u00eda que hacer en el marco a una estrategia que le d\u00e9 cabida a esto&#8230; tendr\u00eda que dise\u00f1arse una pol\u00edtica nacional. No tengo ataduras. Soy de Badiraguato, no soy capo, no soy narco, no me conviene a mi edad cambiar de giro. Hay que abandonar las hipocres\u00edas y buscar una v\u00eda que no se ha explorado\u201d, dijo Moya en ese momento durante una entrevista con Carlos Loret de Mola.<\/p>\n\n\n\n<p>\u201c\u00bfHay que coordinarse con el narco?\u201d, pregunt\u00f3 el periodista que encabeza Latinus. \u201cHay que buscar una forma de hacerlo. Los gobiernos en general niegan cualquier acercamiento o pl\u00e1tica con los delincuentes, sin embargo, los contactos se hacen con personeros del Gobierno con el narco. En ese sentido&#8230; hay que dise\u00f1ar pol\u00edtica de Estado que se refleje en las leyes\u201d, respondi\u00f3 el entonces candidato.<\/p>\n\n\n\n<p>Moya gan\u00f3 la elecci\u00f3n estatal en Sinaloa unos meses despu\u00e9s y se convirti\u00f3 en el sucesor del expriista Quirino Ordaz Coppel.<\/p>\n\n\n\n<p>(Informaci\u00f3n de \u201cExpansi\u00f3n Pol\u00edtica\u201d)<\/p>\n","protected":false},"excerpt":{"rendered":"<p>Redacci\u00f3n\/Zona Roja Cdmx. Ciudad de M\u00e9xico, a 11 de agosto de 2024.- A lo largo&hellip;<\/p>\n","protected":false},"author":2,"featured_media":71289,"comment_status":"closed","ping_status":"open","sticky":false,"template":"","format":"standard","meta":{"_lmt_disableupdate":"","_lmt_disable":"","_jetpack_memberships_contains_paid_content":false,"footnotes":""},"categories":[109,47],"tags":[4023],"class_list":["post-71288","post","type-post","status-publish","format-standard","has-post-thumbnail","hentry","category-minuto-a-minuto","category-zona-gris","tag-ruben-rocha-moya"],"jetpack_featured_media_url":"https:\/\/zonaroja.com.mx\/wp-content\/uploads\/2024\/08\/Ruben-Rocha-Moya-y-narco.webp","jetpack_sharing_enabled":true,"_links":{"self":[{"href":"https:\/\/zonaroja.com.mx\/index.php?rest_route=\/wp\/v2\/posts\/71288","targetHints":{"allow":["GET"]}}],"collection":[{"href":"https:\/\/zonaroja.com.mx\/index.php?rest_route=\/wp\/v2\/posts"}],"about":[{"href":"https:\/\/zonaroja.com.mx\/index.php?rest_route=\/wp\/v2\/types\/post"}],"author":[{"embeddable":true,"href":"https:\/\/zonaroja.com.mx\/index.php?rest_route=\/wp\/v2\/users\/2"}],"replies":[{"embeddable":true,"href":"https:\/\/zonaroja.com.mx\/index.php?rest_route=%2Fwp%2Fv2%2Fcomments&post=71288"}],"version-history":[{"count":1,"href":"https:\/\/zonaroja.com.mx\/index.php?rest_route=\/wp\/v2\/posts\/71288\/revisions"}],"predecessor-version":[{"id":71290,"href":"https:\/\/zonaroja.com.mx\/index.php?rest_route=\/wp\/v2\/posts\/71288\/revisions\/71290"}],"wp:featuredmedia":[{"embeddable":true,"href":"https:\/\/zonaroja.com.mx\/index.php?rest_route=\/wp\/v2\/media\/71289"}],"wp:attachment":[{"href":"https:\/\/zonaroja.com.mx\/index.php?rest_route=%2Fwp%2Fv2%2Fmedia&parent=71288"}],"wp:term":[{"taxonomy":"category","embeddable":true,"href":"https:\/\/zonaroja.com.mx\/index.php?rest_route=%2Fwp%2Fv2%2Fcategories&post=71288"},{"taxonomy":"post_tag","embeddable":true,"href":"https:\/\/zonaroja.com.mx\/index.php?rest_route=%2Fwp%2Fv2%2Ftags&post=71288"}],"curies":[{"name":"wp","href":"https:\/\/api.w.org\/{rel}","templated":true}]}}