{"id":7129,"date":"2019-12-30T17:20:43","date_gmt":"2019-12-30T23:20:43","guid":{"rendered":"http:\/\/www.zonaroja.com.mx\/?p=7129"},"modified":"2019-12-30T17:25:01","modified_gmt":"2019-12-30T23:25:01","slug":"llegara-a-miahuatlan-cuerpo-de-joven-oaxaqueno-asesinado-en-canada","status":"publish","type":"post","link":"https:\/\/zonaroja.com.mx\/?p=7129","title":{"rendered":"Llegar\u00e1 a Miahuatl\u00e1n cuerpo de joven oaxaque\u00f1o asesinado en Canad\u00e1"},"content":{"rendered":"\n<p>Redacci\u00f3n\/Zona Roja.<\/p>\n\n\n\n<p>Oaxaca de Ju\u00e1rez, Oax., 30 de diciembre\nde 2019.- El cuerpo de Arturo Morales de Paz llegar\u00e1 este mi\u00e9rcoles a su pueblo\nnatal, Miahuatl\u00e1n de Porfirio D\u00edaz, luego de ser asesinado de forma violenta,\ncon al menos cuatro pu\u00f1aladas en su cuerpo, en Quebec, Canad\u00e1, donde se\nencontraba trabajando desde hace un par de a\u00f1os.<\/p>\n\n\n\n<p>As\u00ed lo dio a conocer la familia del\noaxaque\u00f1o, quien detall\u00f3 que ser\u00e1 velado en el que fuera su domicilio en la\ncalle 3 de Octubre de la poblaci\u00f3n, mientras que la misa de cuerpo presente\nser\u00e1 el jueves 2 de enero en la iglesia de San Andr\u00e9s Ap\u00f3stol, para despu\u00e9s\nrealizar el sepelio en el pante\u00f3n municipal de Miahuatl\u00e1n. <\/p>\n\n\n\n<p>En este sentido, invitaron a familiares\ny amistades cercanas para acompa\u00f1ar al joven en su \u00faltima morada, a la par que\nagradecieron la solidaridad brindada. \u201cLa familia Morales de Paz agradece sus\noraciones y solidaridad\u201d, cita la informaci\u00f3n compartida en las redes sociales.<\/p>\n\n\n\n<p>El pasado 18 de diciembre, Arturo fue\napu\u00f1alado al interior de su veh\u00edculo en donde fue encontrado con vida y\ntrasladado a un hospital; sin embargo, debido a la gravedad de las heridas y la\np\u00e9rdida de sangre, el joven muri\u00f3 en territorio canadiense.<\/p>\n\n\n\n<p>El oaxaque\u00f1o de 33 a\u00f1os de edad era\ningeniero en Aeron\u00e1utica por el Instituto Polit\u00e9cnico Nacional, carrera que le\npermiti\u00f3 desarrollarse profesionalmente, de primera cuenta en la planta\nBombardier en Quer\u00e9taro y despu\u00e9s obtuvo un puesto en la compa\u00f1\u00eda Airbus de la\nciudad de Mirable, en Quebec.<\/p>\n\n\n\n<p>Los hermanos de Arturo indicaron que el\njueves 19 de diciembre viajar\u00eda para celebrar las fiestas decembrinas con su\nfamilia, pero fue asesinado a pocas horas de que este emprendiera el vuelo que\nlo llevar\u00eda a la capital de Oaxaca, y de ah\u00ed, viajar a su natal Miahuatl\u00e1n de\nPorfirio D\u00edaz, en la regi\u00f3n Sierra Sur.<\/p>\n\n\n\n<p>Por lo anterior exigieron a las\nautoridades mexicanas y canadienses coordinarse para dar con los responsables\ndel asesinato y obtener justicia por el terrible crimen del que fue v\u00edctima el\njoven en el estacionamiento de una plaza comercial en Quebec, Canad\u00e1.<\/p>\n","protected":false},"excerpt":{"rendered":"<p>Redacci\u00f3n\/Zona Roja. Oaxaca de Ju\u00e1rez, Oax., 30 de diciembre de 2019.- El cuerpo de Arturo&hellip;<\/p>\n","protected":false},"author":2,"featured_media":7130,"comment_status":"closed","ping_status":"open","sticky":false,"template":"","format":"standard","meta":{"_lmt_disableupdate":"","_lmt_disable":"","_jetpack_memberships_contains_paid_content":false,"footnotes":""},"categories":[109,47],"tags":[1186],"class_list":["post-7129","post","type-post","status-publish","format-standard","has-post-thumbnail","hentry","category-minuto-a-minuto","category-zona-gris","tag-arturo-morales-de-paz"],"jetpack_featured_media_url":"https:\/\/zonaroja.com.mx\/wp-content\/uploads\/2019\/12\/Arturo-Morales-Paz.jpg","jetpack_sharing_enabled":true,"_links":{"self":[{"href":"https:\/\/zonaroja.com.mx\/index.php?rest_route=\/wp\/v2\/posts\/7129","targetHints":{"allow":["GET"]}}],"collection":[{"href":"https:\/\/zonaroja.com.mx\/index.php?rest_route=\/wp\/v2\/posts"}],"about":[{"href":"https:\/\/zonaroja.com.mx\/index.php?rest_route=\/wp\/v2\/types\/post"}],"author":[{"embeddable":true,"href":"https:\/\/zonaroja.com.mx\/index.php?rest_route=\/wp\/v2\/users\/2"}],"replies":[{"embeddable":true,"href":"https:\/\/zonaroja.com.mx\/index.php?rest_route=%2Fwp%2Fv2%2Fcomments&post=7129"}],"version-history":[{"count":1,"href":"https:\/\/zonaroja.com.mx\/index.php?rest_route=\/wp\/v2\/posts\/7129\/revisions"}],"predecessor-version":[{"id":7131,"href":"https:\/\/zonaroja.com.mx\/index.php?rest_route=\/wp\/v2\/posts\/7129\/revisions\/7131"}],"wp:featuredmedia":[{"embeddable":true,"href":"https:\/\/zonaroja.com.mx\/index.php?rest_route=\/wp\/v2\/media\/7130"}],"wp:attachment":[{"href":"https:\/\/zonaroja.com.mx\/index.php?rest_route=%2Fwp%2Fv2%2Fmedia&parent=7129"}],"wp:term":[{"taxonomy":"category","embeddable":true,"href":"https:\/\/zonaroja.com.mx\/index.php?rest_route=%2Fwp%2Fv2%2Fcategories&post=7129"},{"taxonomy":"post_tag","embeddable":true,"href":"https:\/\/zonaroja.com.mx\/index.php?rest_route=%2Fwp%2Fv2%2Ftags&post=7129"}],"curies":[{"name":"wp","href":"https:\/\/api.w.org\/{rel}","templated":true}]}}