{"id":71291,"date":"2024-08-11T11:12:10","date_gmt":"2024-08-11T17:12:10","guid":{"rendered":"https:\/\/zonaroja.com.mx\/?p=71291"},"modified":"2024-08-11T11:12:12","modified_gmt":"2024-08-11T17:12:12","slug":"identifican-a-fallecidos-que-cayeron-con-vehiculo-en-rio-de-oaxaca","status":"publish","type":"post","link":"https:\/\/zonaroja.com.mx\/?p=71291","title":{"rendered":"Identifican a fallecidos que cayeron con veh\u00edculo en r\u00edo de Oaxaca"},"content":{"rendered":"\n<p>Raymundo Morales\/Zona Roja.<\/p>\n\n\n\n<p>Oaxaca de Ju\u00e1rez, Oax, a 11 de agosto de 2024.- Como Dante Isa\u00ed G. R. Y H\u00e9ctor Yair S. R., fueron identificados los j\u00f3venes que perdieron la vida en los primeros minutos de este domingo al caer con su veh\u00edculo en el r\u00edo \u201cSalado\u201d de la ciudad de Oaxaca.<\/p>\n\n\n\n<p>El percance ocurri\u00f3 cerca de las 02:00 horas en inmediaciones de la colonia Aquiles Serd\u00e1n, colindancia de la capital con Santa Luc\u00eda del Camino, donde adem\u00e1s otros dos j\u00f3venes resultaron heridos, Luis M., de 18 a\u00f1os de edad, y Edson S., de 20 a\u00f1os.<\/p>\n\n\n\n<p>Personal del Heroico Cuerpo de Bomberos y de la Cruz Roja Mexicana atendi\u00f3 la emergencia y logr\u00f3 rescatar los cuerpos, que estaban en el interior de un coche marca Volkswagen tipo Vento de color gris, con placas de circulaci\u00f3n TMW-7355 del estado de Oaxaca.<\/p>\n\n\n\n<p>Hasta el momento se desconocen las causas de la volcadura pero de manera preliminar se inform\u00f3 que ven\u00edan en estado de ebriedad, lo cual investiga la Fiscal\u00eda General del Estado de Oaxaca.<\/p>\n\n\n\n<p>Algunas de las v\u00edctimas son del municipio de \u00c1nimas Trujano y otras de Ocotl\u00e1n de Morelos.<\/p>\n","protected":false},"excerpt":{"rendered":"<p>Raymundo Morales\/Zona Roja. Oaxaca de Ju\u00e1rez, Oax, a 11 de agosto de 2024.- Como Dante&hellip;<\/p>\n","protected":false},"author":2,"featured_media":71292,"comment_status":"closed","ping_status":"open","sticky":false,"template":"","format":"standard","meta":{"_lmt_disableupdate":"","_lmt_disable":"","_jetpack_memberships_contains_paid_content":false,"footnotes":""},"categories":[109,47],"tags":[],"class_list":["post-71291","post","type-post","status-publish","format-standard","has-post-thumbnail","hentry","category-minuto-a-minuto","category-zona-gris"],"jetpack_featured_media_url":"https:\/\/zonaroja.com.mx\/wp-content\/uploads\/2024\/08\/Muertos-rio-Salado-Oaxaca.jpg","jetpack_sharing_enabled":true,"_links":{"self":[{"href":"https:\/\/zonaroja.com.mx\/index.php?rest_route=\/wp\/v2\/posts\/71291","targetHints":{"allow":["GET"]}}],"collection":[{"href":"https:\/\/zonaroja.com.mx\/index.php?rest_route=\/wp\/v2\/posts"}],"about":[{"href":"https:\/\/zonaroja.com.mx\/index.php?rest_route=\/wp\/v2\/types\/post"}],"author":[{"embeddable":true,"href":"https:\/\/zonaroja.com.mx\/index.php?rest_route=\/wp\/v2\/users\/2"}],"replies":[{"embeddable":true,"href":"https:\/\/zonaroja.com.mx\/index.php?rest_route=%2Fwp%2Fv2%2Fcomments&post=71291"}],"version-history":[{"count":1,"href":"https:\/\/zonaroja.com.mx\/index.php?rest_route=\/wp\/v2\/posts\/71291\/revisions"}],"predecessor-version":[{"id":71293,"href":"https:\/\/zonaroja.com.mx\/index.php?rest_route=\/wp\/v2\/posts\/71291\/revisions\/71293"}],"wp:featuredmedia":[{"embeddable":true,"href":"https:\/\/zonaroja.com.mx\/index.php?rest_route=\/wp\/v2\/media\/71292"}],"wp:attachment":[{"href":"https:\/\/zonaroja.com.mx\/index.php?rest_route=%2Fwp%2Fv2%2Fmedia&parent=71291"}],"wp:term":[{"taxonomy":"category","embeddable":true,"href":"https:\/\/zonaroja.com.mx\/index.php?rest_route=%2Fwp%2Fv2%2Fcategories&post=71291"},{"taxonomy":"post_tag","embeddable":true,"href":"https:\/\/zonaroja.com.mx\/index.php?rest_route=%2Fwp%2Fv2%2Ftags&post=71291"}],"curies":[{"name":"wp","href":"https:\/\/api.w.org\/{rel}","templated":true}]}}