{"id":71294,"date":"2024-08-11T19:12:03","date_gmt":"2024-08-12T01:12:03","guid":{"rendered":"https:\/\/zonaroja.com.mx\/?p=71294"},"modified":"2024-08-11T19:12:05","modified_gmt":"2024-08-12T01:12:05","slug":"pese-a-bloqueo-intermitente-opera-con-normalidad-aeropuerto-de-huatulco","status":"publish","type":"post","link":"https:\/\/zonaroja.com.mx\/?p=71294","title":{"rendered":"Pese a bloqueo intermitente, opera con normalidad aeropuerto de Huatulco"},"content":{"rendered":"\n<p>Raymundo Morales\/Zona Roja.<\/p>\n\n\n\n<p>Oaxaca de Ju\u00e1rez, Oax., a 11 de agosto de 2024.- Pese al bloqueo a la v\u00eda federal 200, con paso intermitente cada dos horas, el aeropuerto internacional de Bah\u00edas de Huatulco opera con normalidad y seguridad.<\/p>\n\n\n\n<p>As\u00ed lo inform\u00f3 el Gobierno del Estado de Oaxaca a trav\u00e9s de un comunicado, al confirmar que los habitantes de las agencias Bajos de Coyula y El Arenal del municipio de Santa Mar\u00eda Huatulco retiraron el bloqueo que manten\u00edan en inmediaciones de la terminal a\u00e9rea.<\/p>\n\n\n\n<p>\u201cLas actividades del aeropuerto funcionan con normalidad y con seguridad, as\u00ed como los vuelos nacionales e internacionales programados se est\u00e1n realizando sin mayor contratiempo y se garantizan las llegadas y salidas de las y los visitantes que han elegido este destino de playa de la costa oaxaque\u00f1a\u201d, detall\u00f3.<\/p>\n\n\n\n<p>Reconoci\u00f3 que el paso por la carretera federal 200 se mantiene intermitente; por lo que exhorta a las personas usuarias de esta v\u00eda de comunicaci\u00f3n tomar sus precauciones.&nbsp;<\/p>\n\n\n\n<p>Reiter\u00f3 que el pr\u00f3ximo martes 13 de agosto se dispondr\u00e1 una mesa de di\u00e1logo con autoridades federales para que las poblaciones puedan externar todas sus inquietudes.<\/p>\n\n\n\n<p>Este encuentro contar\u00e1 con la presencia de representantes de la Comisi\u00f3n Nacional de \u00c1reas Naturales Protegidas (CONANP); de la Subsecretar\u00eda de Desarrollo Agrario, Territorial y Urbano (Sedatu); del Instituto Nacional del Suelo Sustentable (Insus); de la Subsecretar\u00eda del Medio Ambiente y de la Secretar\u00eda de Gobernaci\u00f3n (Segob).<\/p>\n","protected":false},"excerpt":{"rendered":"<p>Raymundo Morales\/Zona Roja. Oaxaca de Ju\u00e1rez, Oax., a 11 de agosto de 2024.- Pese al&hellip;<\/p>\n","protected":false},"author":2,"featured_media":71295,"comment_status":"closed","ping_status":"open","sticky":false,"template":"","format":"standard","meta":{"_lmt_disableupdate":"","_lmt_disable":"","_jetpack_memberships_contains_paid_content":false,"footnotes":""},"categories":[109,46],"tags":[1336],"class_list":["post-71294","post","type-post","status-publish","format-standard","has-post-thumbnail","hentry","category-minuto-a-minuto","category-zona-blanca","tag-bahias-de-huatulco"],"jetpack_featured_media_url":"https:\/\/zonaroja.com.mx\/wp-content\/uploads\/2024\/08\/5e5a964d-2c4f-4355-9205-728f876fcfe5.jpg","jetpack_sharing_enabled":true,"_links":{"self":[{"href":"https:\/\/zonaroja.com.mx\/index.php?rest_route=\/wp\/v2\/posts\/71294","targetHints":{"allow":["GET"]}}],"collection":[{"href":"https:\/\/zonaroja.com.mx\/index.php?rest_route=\/wp\/v2\/posts"}],"about":[{"href":"https:\/\/zonaroja.com.mx\/index.php?rest_route=\/wp\/v2\/types\/post"}],"author":[{"embeddable":true,"href":"https:\/\/zonaroja.com.mx\/index.php?rest_route=\/wp\/v2\/users\/2"}],"replies":[{"embeddable":true,"href":"https:\/\/zonaroja.com.mx\/index.php?rest_route=%2Fwp%2Fv2%2Fcomments&post=71294"}],"version-history":[{"count":1,"href":"https:\/\/zonaroja.com.mx\/index.php?rest_route=\/wp\/v2\/posts\/71294\/revisions"}],"predecessor-version":[{"id":71296,"href":"https:\/\/zonaroja.com.mx\/index.php?rest_route=\/wp\/v2\/posts\/71294\/revisions\/71296"}],"wp:featuredmedia":[{"embeddable":true,"href":"https:\/\/zonaroja.com.mx\/index.php?rest_route=\/wp\/v2\/media\/71295"}],"wp:attachment":[{"href":"https:\/\/zonaroja.com.mx\/index.php?rest_route=%2Fwp%2Fv2%2Fmedia&parent=71294"}],"wp:term":[{"taxonomy":"category","embeddable":true,"href":"https:\/\/zonaroja.com.mx\/index.php?rest_route=%2Fwp%2Fv2%2Fcategories&post=71294"},{"taxonomy":"post_tag","embeddable":true,"href":"https:\/\/zonaroja.com.mx\/index.php?rest_route=%2Fwp%2Fv2%2Ftags&post=71294"}],"curies":[{"name":"wp","href":"https:\/\/api.w.org\/{rel}","templated":true}]}}