{"id":71297,"date":"2024-08-11T20:00:44","date_gmt":"2024-08-12T02:00:44","guid":{"rendered":"https:\/\/zonaroja.com.mx\/?p=71297"},"modified":"2024-08-11T20:00:46","modified_gmt":"2024-08-12T02:00:46","slug":"opinion-el-humor-del-juez-guillen-y-los-finqueros-de-palenque","status":"publish","type":"post","link":"https:\/\/zonaroja.com.mx\/?p=71297","title":{"rendered":"Opini\u00f3n. El humor del juez Guill\u00e9n y los finqueros de Palenque"},"content":{"rendered":"\n<p>Diego Enrique Osorno*<\/p>\n\n\n\n<p>La tarde del 25 de noviembre de 2022, Jos\u00e9 D\u00edaz G\u00f3mez, ind\u00edgena ch\u2019ol miembro de las bases de apoyo del EZLN, fue interceptado por una camioneta de la cual bajaron agentes de la fiscal\u00eda de Chiapas, con una supuesta orden de aprehensi\u00f3n. Tras esposarlo, vendarle los ojos, golpearlo, despojarlo de dinero y documentos personales, lo lanzaron a la batea del veh\u00edculo oficial.<\/p>\n\n\n\n<p>Esa misma tarde fue trasladado a las instalaciones de la corporaci\u00f3n ubicadas en Palenque, donde lo obligaron a firmar y poner su huella en hojas en blanco, sin contar con traducci\u00f3n a su lengua ni otorgarle un abogado, de acuerdo con el seguimiento hecho por el Centro de Derechos Humanos, Fray Bartolom\u00e9 de las Casas (Frayba).<\/p>\n\n\n\n<p>El zapatista originario de El Trapiche, rancher\u00eda perteneciente a la Junta de Buen Gobierno del Caracol de Roberto Barrios, estuvo incomunicado dos d\u00edas en los cuales le fue fabricado un delito de robo agravado por el cual lleva un a\u00f1o y ocho meses preso injustamente en una c\u00e1rcel de Catazaj\u00e1.<\/p>\n\n\n\n<p>Las irregularidades de su proceso judicial fueron documentadas desde el primer minuto por el Frayba, al demostrar la incongruencia del reporte oficial de la detenci\u00f3n, el cual se\u00f1ala la noche del 27 de noviembre como el momento en que se llev\u00f3 a cabo. Otra anomal\u00eda es la orden de aprehensi\u00f3n elaborada con datos de prueba insustanciales que incumplen hasta los ya de por s\u00ed manoseados est\u00e1ndares de la justicia oficial.<\/p>\n\n\n\n<p>Una larga lista m\u00e1s de evidencias de su inocencia (y de la actuaci\u00f3n por consigna de la fiscal\u00eda) estaban listas para ser presentadas ayer al juez Miguel \u00c1ngel Guill\u00e9n Utrilla, durante los alegatos de clausura del caso de Jos\u00e9, quien por ley debe recibir sentencia en las 24 horas posteriores a la audiencia.<\/p>\n\n\n\n<p>En un comunicado reciente, el Capit\u00e1n Marcos cuestion\u00f3 el racismo y antizapatismo contra su compa\u00f1ero. \u201cSupongamos, sin conceder, que su libertad de usted, ch\u2019ol y zapatista, depende de m\u00faltiples factores: el humor del juez ese d\u00eda, el Ministerio P\u00fablico, la polic\u00eda, los otros finqueros (es decir, adem\u00e1s del que tiene su finca en Palenque), la necesidad que tienen hombrecitos grises de congraciarse con superiores que ni siquiera saben que existen\u201d.<\/p>\n\n\n\n<p>Pronto sabremos el humor del juez Guill\u00e9n, as\u00ed como el tama\u00f1o del descaro de los finqueros de Palenque y sus secuaces.<\/p>\n\n\n\n<p>*Escritor y periodista.<\/p>\n\n\n\n<p>@DiegoEOsorno<\/p>\n","protected":false},"excerpt":{"rendered":"<p>Diego Enrique Osorno* La tarde del 25 de noviembre de 2022, Jos\u00e9 D\u00edaz G\u00f3mez, ind\u00edgena&hellip;<\/p>\n","protected":false},"author":2,"featured_media":67760,"comment_status":"closed","ping_status":"open","sticky":false,"template":"","format":"standard","meta":{"_lmt_disableupdate":"","_lmt_disable":"","_jetpack_memberships_contains_paid_content":false,"footnotes":""},"categories":[456,109],"tags":[3020],"class_list":["post-71297","post","type-post","status-publish","format-standard","has-post-thumbnail","hentry","category-columna","category-minuto-a-minuto","tag-diego-enrique-osorno"],"jetpack_featured_media_url":"https:\/\/zonaroja.com.mx\/wp-content\/uploads\/2024\/04\/Diego-Enrique-Osorno.jpeg","jetpack_sharing_enabled":true,"_links":{"self":[{"href":"https:\/\/zonaroja.com.mx\/index.php?rest_route=\/wp\/v2\/posts\/71297","targetHints":{"allow":["GET"]}}],"collection":[{"href":"https:\/\/zonaroja.com.mx\/index.php?rest_route=\/wp\/v2\/posts"}],"about":[{"href":"https:\/\/zonaroja.com.mx\/index.php?rest_route=\/wp\/v2\/types\/post"}],"author":[{"embeddable":true,"href":"https:\/\/zonaroja.com.mx\/index.php?rest_route=\/wp\/v2\/users\/2"}],"replies":[{"embeddable":true,"href":"https:\/\/zonaroja.com.mx\/index.php?rest_route=%2Fwp%2Fv2%2Fcomments&post=71297"}],"version-history":[{"count":1,"href":"https:\/\/zonaroja.com.mx\/index.php?rest_route=\/wp\/v2\/posts\/71297\/revisions"}],"predecessor-version":[{"id":71298,"href":"https:\/\/zonaroja.com.mx\/index.php?rest_route=\/wp\/v2\/posts\/71297\/revisions\/71298"}],"wp:featuredmedia":[{"embeddable":true,"href":"https:\/\/zonaroja.com.mx\/index.php?rest_route=\/wp\/v2\/media\/67760"}],"wp:attachment":[{"href":"https:\/\/zonaroja.com.mx\/index.php?rest_route=%2Fwp%2Fv2%2Fmedia&parent=71297"}],"wp:term":[{"taxonomy":"category","embeddable":true,"href":"https:\/\/zonaroja.com.mx\/index.php?rest_route=%2Fwp%2Fv2%2Fcategories&post=71297"},{"taxonomy":"post_tag","embeddable":true,"href":"https:\/\/zonaroja.com.mx\/index.php?rest_route=%2Fwp%2Fv2%2Ftags&post=71297"}],"curies":[{"name":"wp","href":"https:\/\/api.w.org\/{rel}","templated":true}]}}