{"id":71299,"date":"2024-08-11T21:28:54","date_gmt":"2024-08-12T03:28:54","guid":{"rendered":"https:\/\/zonaroja.com.mx\/?p=71299"},"modified":"2024-08-11T21:28:56","modified_gmt":"2024-08-12T03:28:56","slug":"caso-mayo-a-melesio-cuen-le-quitaron-proteccion-antes-de-ser-asesinado","status":"publish","type":"post","link":"https:\/\/zonaroja.com.mx\/?p=71299","title":{"rendered":"Caso \u201cMayo\u201d: A Melesio Cu\u00e9n le quitaron protecci\u00f3n antes de ser asesinado"},"content":{"rendered":"\n<p>Redacci\u00f3n\/Zona Roja Cdmx.<\/p>\n\n\n\n<p>Ciudad de M\u00e9xico, a 11 de agosto de 2024.- Antes de ser asesinado, H\u00e9ctor Melesio Cu\u00e9n Ojeda, fundador del Partido Sinaloense y exrector de la UAS, denunci\u00f3 que le fue retirada la protecci\u00f3n de la Guardia Nacional.<\/p>\n\n\n\n<p>Cu\u00e9n Ojeda culp\u00f3 al gobierno de Sinaloa de la decisi\u00f3n tomada a nivel federal y responsabiliz\u00f3 al mandatario Rub\u00e9n Rocha Moya de cualquier posible atentado contra su vida.<\/p>\n\n\n\n<p>En su podcast \u201cCuentas Claras\u201d, narr\u00f3 que acudi\u00f3 a un evento en Mazatl\u00e1n, y un periodista del puerto public\u00f3 que era escoltado por elementos de la Guardia Nacional, pero al d\u00eda siguiente le avisaron que ya no le prestar\u00edan el servicio.<\/p>\n\n\n\n<p>\u201cSeguramente, estoy especulando, pero esto lo ve Enrique Inzunza, le dio aviso al gobernador y r\u00e1pidamente quitan todo. Con esto que est\u00e1 pasando hacemos responsable al Gobierno de Sinaloa de lo que pueda pasar\u201d, dijo.<\/p>\n\n\n\n<p>Asimismo, en otro de sus videos revel\u00f3 que durante la campa\u00f1a de Rub\u00e9n Rocha Moya este recibi\u00f3 \u201cdinerales\u201d de recursos para financiar su campa\u00f1a, a pesar de que arranc\u00f3 la misma con un pr\u00e9stamo de 500 mil pesos.<\/p>\n\n\n\n<p>VERSI\u00d3N OFICIAL<\/p>\n\n\n\n<p>La versi\u00f3n oficial sobre la muerte de H\u00e9ctor Melesio Cu\u00e9n Ojeda se\u00f1ala que el exrector de la UAS y diputado electo falleci\u00f3 la noche del 25 de julio tras ser v\u00edctima de un ataque con arma de fuego en la carretera Internacional M\u00e9xico 15.<\/p>\n\n\n\n<p>Sin embargo, este 10 de agosto, una presunta carta atribuida a Ismael \u2018El Mayo\u2019 Zambada indica que Cu\u00e9n Ojeda habr\u00eda sido asesinado el mismo d\u00eda en que el fundador del C\u00e1rtel de Sinaloa asegura haber sido \u201csecuestrado\u201d durante una emboscada orquestada por Joaqu\u00edn Guzm\u00e1n L\u00f3pez, hijo de Joaqu\u00edn Archivaldo Guzm\u00e1n Loera, \u201cEl Chapo\u201d.<\/p>\n\n\n\n<p>Lo mataron a la misma hora y en el mismo lugar donde me secuestraron.<\/p>\n\n\n\n<p>Seg\u00fan el texto, \u201cEl Mayo\u201d asegura que \u00e9l y H\u00e9ctor Cu\u00e9n eran amigos desde hace tiempo atr\u00e1s y ambos acudieron ese d\u00eda a una reuni\u00f3n organizada por el hijo de \u201cEl Chapo\u201d, a la que tambi\u00e9n estaba convocado Rub\u00e9n Rocha Moya, gobernador de Sinaloa.<\/p>\n\n\n\n<p>(Informaci\u00f3n de Aristegui Noticias)<\/p>\n","protected":false},"excerpt":{"rendered":"<p>Redacci\u00f3n\/Zona Roja Cdmx. Ciudad de M\u00e9xico, a 11 de agosto de 2024.- Antes de ser&hellip;<\/p>\n","protected":false},"author":2,"featured_media":71300,"comment_status":"closed","ping_status":"open","sticky":false,"template":"","format":"standard","meta":{"_lmt_disableupdate":"","_lmt_disable":"","_jetpack_memberships_contains_paid_content":false,"footnotes":""},"categories":[109,47],"tags":[3847],"class_list":["post-71299","post","type-post","status-publish","format-standard","has-post-thumbnail","hentry","category-minuto-a-minuto","category-zona-gris","tag-ismael-el-mayo-zambada"],"jetpack_featured_media_url":"https:\/\/zonaroja.com.mx\/wp-content\/uploads\/2024\/08\/Hector-Melesio-Cuen-caso-Mayo.jpg","jetpack_sharing_enabled":true,"_links":{"self":[{"href":"https:\/\/zonaroja.com.mx\/index.php?rest_route=\/wp\/v2\/posts\/71299","targetHints":{"allow":["GET"]}}],"collection":[{"href":"https:\/\/zonaroja.com.mx\/index.php?rest_route=\/wp\/v2\/posts"}],"about":[{"href":"https:\/\/zonaroja.com.mx\/index.php?rest_route=\/wp\/v2\/types\/post"}],"author":[{"embeddable":true,"href":"https:\/\/zonaroja.com.mx\/index.php?rest_route=\/wp\/v2\/users\/2"}],"replies":[{"embeddable":true,"href":"https:\/\/zonaroja.com.mx\/index.php?rest_route=%2Fwp%2Fv2%2Fcomments&post=71299"}],"version-history":[{"count":1,"href":"https:\/\/zonaroja.com.mx\/index.php?rest_route=\/wp\/v2\/posts\/71299\/revisions"}],"predecessor-version":[{"id":71301,"href":"https:\/\/zonaroja.com.mx\/index.php?rest_route=\/wp\/v2\/posts\/71299\/revisions\/71301"}],"wp:featuredmedia":[{"embeddable":true,"href":"https:\/\/zonaroja.com.mx\/index.php?rest_route=\/wp\/v2\/media\/71300"}],"wp:attachment":[{"href":"https:\/\/zonaroja.com.mx\/index.php?rest_route=%2Fwp%2Fv2%2Fmedia&parent=71299"}],"wp:term":[{"taxonomy":"category","embeddable":true,"href":"https:\/\/zonaroja.com.mx\/index.php?rest_route=%2Fwp%2Fv2%2Fcategories&post=71299"},{"taxonomy":"post_tag","embeddable":true,"href":"https:\/\/zonaroja.com.mx\/index.php?rest_route=%2Fwp%2Fv2%2Ftags&post=71299"}],"curies":[{"name":"wp","href":"https:\/\/api.w.org\/{rel}","templated":true}]}}