{"id":71302,"date":"2024-08-12T07:28:33","date_gmt":"2024-08-12T13:28:33","guid":{"rendered":"https:\/\/zonaroja.com.mx\/?p=71302"},"modified":"2024-08-12T07:28:35","modified_gmt":"2024-08-12T13:28:35","slug":"amanece-retenido-el-cabildo-de-magdalena-apasco-oaxaca","status":"publish","type":"post","link":"https:\/\/zonaroja.com.mx\/?p=71302","title":{"rendered":"Amanece retenido el Cabildo de Magdalena Apasco, Oaxaca"},"content":{"rendered":"\n<p>Raymundo Morales\/Zona Roja.<\/p>\n\n\n\n<p>Oaxaca de Ju\u00e1rez, Oax., a 12 de agosto de 2024.- Una decena de integrantes del Cabildo del municipio de Magdalena Apasco amaneci\u00f3 retenido en el palacio municipal.<\/p>\n\n\n\n<p>Desde ayer por la tarde y luego de una asamblea comunitaria, los pobladores determinaron encerrar al presidente municipal, Virgilio P\u00e9rez Santiago, as\u00ed como a la mayor\u00eda de los regidores.<\/p>\n\n\n\n<p>Lo anterior bajo la acusaci\u00f3n de no rendir cuentas al pueblo acerca del manejo del presupuesto y probable desv\u00edo de recursos por 18 millones de pesos.<\/p>\n\n\n\n<p>Entre otros, se encuentran en la c\u00e1rcel municipal el s\u00edndico Miguelito Garc\u00eda, las regidoras de Hacienda, Elva Ramos; de Educaci\u00f3n, Araceli Ch\u00e1vez; el concejal de polic\u00eda, Inocente Cuevas, y el contralor Edgardo Ch\u00e1vez Garc\u00eda.<\/p>\n\n\n\n<p>A trav\u00e9s de las redes sociales, la parte afectada denunci\u00f3 que hasta anoche ninguna autoridad del Gobierno del Estado hab\u00eda atendido la problem\u00e1tica para mediar on la poblaci\u00f3n.<\/p>\n\n\n\n<p>Se\u00f1alaron que son cinco mujeres las retenidas y encarceladas, de las cuales dos cursan enfermedades y requieren sus medicamentos; dos m\u00e1s necesitan con urgencia atenci\u00f3n m\u00e9dica por la diabetes y alta presi\u00f3n que padecen.<\/p>\n\n\n\n<p>Mientras dos varones tienen tambi\u00e9n enfermedades padecimientos cr\u00f3nico-degerativos; acusaron a los polic\u00edas municipales de negarles las medicinas e incluso los alimentos.<\/p>\n\n\n\n<p>Hasta el momento no se cuenta con informaci\u00f3n oficial por parte de las autoridades estatales para intervenir en esta problem\u00e1tica del municipio perteneciente al distrito de Etla, en la regi\u00f3n Valles Centrales del estado.<\/p>\n","protected":false},"excerpt":{"rendered":"<p>Raymundo Morales\/Zona Roja. Oaxaca de Ju\u00e1rez, Oax., a 12 de agosto de 2024.- Una decena&hellip;<\/p>\n","protected":false},"author":2,"featured_media":71303,"comment_status":"closed","ping_status":"open","sticky":false,"template":"","format":"standard","meta":{"_lmt_disableupdate":"","_lmt_disable":"","_jetpack_memberships_contains_paid_content":false,"footnotes":""},"categories":[109,46],"tags":[1574],"class_list":["post-71302","post","type-post","status-publish","format-standard","has-post-thumbnail","hentry","category-minuto-a-minuto","category-zona-blanca","tag-magdalena-apasco"],"jetpack_featured_media_url":"https:\/\/zonaroja.com.mx\/wp-content\/uploads\/2024\/08\/Magdalena-Apasco.jpeg","jetpack_sharing_enabled":true,"_links":{"self":[{"href":"https:\/\/zonaroja.com.mx\/index.php?rest_route=\/wp\/v2\/posts\/71302","targetHints":{"allow":["GET"]}}],"collection":[{"href":"https:\/\/zonaroja.com.mx\/index.php?rest_route=\/wp\/v2\/posts"}],"about":[{"href":"https:\/\/zonaroja.com.mx\/index.php?rest_route=\/wp\/v2\/types\/post"}],"author":[{"embeddable":true,"href":"https:\/\/zonaroja.com.mx\/index.php?rest_route=\/wp\/v2\/users\/2"}],"replies":[{"embeddable":true,"href":"https:\/\/zonaroja.com.mx\/index.php?rest_route=%2Fwp%2Fv2%2Fcomments&post=71302"}],"version-history":[{"count":1,"href":"https:\/\/zonaroja.com.mx\/index.php?rest_route=\/wp\/v2\/posts\/71302\/revisions"}],"predecessor-version":[{"id":71304,"href":"https:\/\/zonaroja.com.mx\/index.php?rest_route=\/wp\/v2\/posts\/71302\/revisions\/71304"}],"wp:featuredmedia":[{"embeddable":true,"href":"https:\/\/zonaroja.com.mx\/index.php?rest_route=\/wp\/v2\/media\/71303"}],"wp:attachment":[{"href":"https:\/\/zonaroja.com.mx\/index.php?rest_route=%2Fwp%2Fv2%2Fmedia&parent=71302"}],"wp:term":[{"taxonomy":"category","embeddable":true,"href":"https:\/\/zonaroja.com.mx\/index.php?rest_route=%2Fwp%2Fv2%2Fcategories&post=71302"},{"taxonomy":"post_tag","embeddable":true,"href":"https:\/\/zonaroja.com.mx\/index.php?rest_route=%2Fwp%2Fv2%2Ftags&post=71302"}],"curies":[{"name":"wp","href":"https:\/\/api.w.org\/{rel}","templated":true}]}}