{"id":71305,"date":"2024-08-12T07:53:19","date_gmt":"2024-08-12T13:53:19","guid":{"rendered":"https:\/\/zonaroja.com.mx\/?p=71305"},"modified":"2024-08-12T07:53:21","modified_gmt":"2024-08-12T13:53:21","slug":"opinion-y-que-paso-con-la-solucion-al-problema-de-la-basura","status":"publish","type":"post","link":"https:\/\/zonaroja.com.mx\/?p=71305","title":{"rendered":"Opini\u00f3n. \u00bfY qu\u00e9 pas\u00f3 con la soluci\u00f3n al problema de la basura?"},"content":{"rendered":"\n<p>Ismael Garc\u00eda M.\/Zona Roja.<\/p>\n\n\n\n<p>Oaxaca, Oax., a 12 de agosto de 2024.- Lo m\u00e1s reciente que se sabe del Centro Integral de Revalorizaci\u00f3n de Residuos S\u00f3lidos Urbanos (CIRRSU) es que se requiere instalarlos no solamente en la regi\u00f3n Valles Centrales, sino tambi\u00e9n en la Costa y el Istmo.<\/p>\n\n\n\n<p>Eso lo dijo la semana pasada de manera somera el gobernador Salom\u00f3n Jara Cruz, quien expuso que estos proyectos son los que se propondr\u00edan a la presidenta electa Claudia Sheinbaum, para buscar el financiamiento correspondiente.<\/p>\n\n\n\n<p>Sin embargo, ya a punto de llegar a los dos a\u00f1os del cierre del tiradero municipal de la Villa de Zaachila, no hay nada, absolutamente nada, de la concreci\u00f3n del proyecto que se ten\u00eda planeado para San Pedro Totol\u00e1pam, municipio de los Valles pero ubicado en el la ruta al Istmo.<\/p>\n\n\n\n<p>La problem\u00e1tica no se ha ido; \u00fanicamente se ha trasladado a las arcas municipales, como es el caso del ayuntamiento de Oaxaca de Ju\u00e1rez, que tiene que erogar 20 millones de pesos mensuales para trasladar a otros puntos su basura.<\/p>\n\n\n\n<p>\u00bfO es negocio de algunos cuantos l\u00edderes de transportistas y alguna autoridad? Porque tal pareciera que el asunto es dejar la situaci\u00f3n como est\u00e1, para seguir generando ganancias millonarias a costa de la basura.<\/p>\n\n\n\n<p>El caso es que el problema heredado por el priista, ahora morenista Alejandro Murat, no tiene fin ni soluci\u00f3n, a un a\u00f1o y casi nueve meses del gobierno morenista de Salom\u00f3n Jara Cruz.<\/p>\n\n\n\n<p>LA G\u00c9NESIS<\/p>\n\n\n\n<p>Fue a mediados de julio de 2022 en que pobladores de la agencia de Villa de Zaachila determinaron que se har\u00eda un precierre del tiradero, para los aproximadamente 25 municipios que vert\u00edan sus desechos en esa zona, aproximadamente 850 toneladas diarias.<\/p>\n\n\n\n<p>No obstante, tras varias negociaciones, se lleg\u00f3 a un acuerdo de que se ampliar\u00eda un mes el lapso y despu\u00e9s s\u00f3lo cinco municipios tendr\u00edan tres meses m\u00e1s para ir a tirar su basura.<\/p>\n\n\n\n<p>Los privilegiados por ese periodo de tiempo fueron Oaxaca de Ju\u00e1rez, Zaachila, San Mart\u00edn Tilcajete, Santa Mar\u00eda Coyotepec y San Bartolo Coyotepec.<\/p>\n\n\n\n<p>Finalmente el 8 de octubre de 2022, ya en la recta final del gobierno priista de Alejandro Murat, en que se determin\u00f3 cerrar en definitiva el tiradero, a capricho de los pobladores de la agencia Vicente Guerrero, azuzados por el edil morenista de Zaachila, Rigoberto Chac\u00f3n P\u00e9rez.<\/p>\n\n\n\n<p>Antes de ello y despu\u00e9s de ello, el caos continu\u00f3; basura acumulada por todos lados, pestilencia hasta en el z\u00f3calo y el Centro Hist\u00f3rico de la capital; problemas de salud por doquier.<\/p>\n\n\n\n<p>Agandalle de sindicatos que tienen recolectores particulares y que por sus pistolas hicieron su propio tiradero en las riberas del r\u00edo \u201cAtoyac\u201d; varios meses despu\u00e9s fueron retirados de la zona, sin ninguna sanci\u00f3n por supuesto, pero incluso el gobierno tuvo que retirar con sus propias unidades de motor todos los desechos.<\/p>\n\n\n\n<p>En enero de este a\u00f1o se reactiv\u00f3 el conflicto, ahora entre las colonias Guillermo Gonz\u00e1lez Guardado y Renacimiento, por la disputa del ingreso al tiradero y la supuesta exigencia de cierre definitivo de dicho espacio. Luego de varias reuniones finalmente se destens\u00f3 el conflicto.<\/p>\n\n\n\n<p>LA PROPUESTA<\/p>\n\n\n\n<p>A la llegada del gobierno de Salom\u00f3n Jara Cruz, se plante\u00f3 de inmediato una soluci\u00f3n a fondo: la construcci\u00f3n de un nuevo tiradero en la regi\u00f3n Valles Centrales, bajo el pomposo nombre de Centro Integral de Revalorizaci\u00f3n de Residuos S\u00f3lidos Urbanos.<\/p>\n\n\n\n<p>Tras las primeras negociaciones, medio a\u00f1os despu\u00e9s, el gobierno de Oaxaca anunci\u00f3 la instalaci\u00f3n de dicho centro de manejo de basura en el municipio de San Lorenzo Albarradas\u2026 cerca del parador tur\u00edstico de Hierve el Agua.<\/p>\n\n\n\n<p>De inmediato, la informaci\u00f3n y el manejo de la situaci\u00f3n fue concentrado en la Secretar\u00eda de Gobierno, en lugar de ser la cabeza rectora la Secretar\u00eda del Medio Ambiente estatal.<\/p>\n\n\n\n<p>Pero errores pol\u00edticos y l\u00edos con el edil panista Luis Armando Olivera, quien azuz\u00f3 el conflicto, terminaron por sepultar el proyecto, por lo cual vino una pausa de al menos medio a\u00f1o m\u00e1s, con los consecuentes resultados para el ambiente y el erario.<\/p>\n\n\n\n<p>Por fin, el 18 de octubre de 2023 \u2014un a\u00f1o despu\u00e9s del cierre del tiradero de la Villa de Zaachila, que oper\u00f3 por cuatro d\u00e9cadas\u2014 se anunci\u00f3 que la sede ser\u00eda en San Pedro Totol\u00e1pam, municipio de la regi\u00f3n Valles Centrales distante a unos 80 kil\u00f3metros de la capital.<\/p>\n\n\n\n<p>Se habl\u00f3 incluso de una inversi\u00f3n aproximada de 600 millones de pesos, sin precisar el origen de la inversi\u00f3n, y de un manejo integral de los desechos, que beneficiar\u00eda a los habitantes de dicha demarcaci\u00f3n.<\/p>\n\n\n\n<p>Incluso, por parte de los pobladores se cre\u00f3 una asociaci\u00f3n civil que se dedicar\u00eda exclusivamente a llevar de la capital hacia esa zona los desechos; en una conferencia de prensa, el ex diputado Jeft\u00e9 M\u00e9ndez present\u00f3 las g\u00f3ndolas que ya se ten\u00edan para ese proyecto.<\/p>\n\n\n\n<p>\u00bfQU\u00c9 TENEMOS?<\/p>\n\n\n\n<p>Pero a casi un a\u00f1o de dicho anuncio, nadie sabe qu\u00e9 pas\u00f3 y hasta ahora no hay ninguna explicaci\u00f3n oficial acerca de los avances reales.<\/p>\n\n\n\n<p>Presuntamente la asamblea de Totol\u00e1pam determino finalmente no autorizar el dep\u00f3sito de basura en su demarcaci\u00f3n, por lo cual el proyecto simplemente est\u00e1 varado.<\/p>\n\n\n\n<p>Seg\u00fan el anuncio oficial sobre el CIRRSU, se instalar\u00e1n tres plantas principales: una de separaci\u00f3n, otra de biofertilizantes y una celda de disposici\u00f3n final, pero tres meses despu\u00e9s de los trabajos ya se podr\u00eda comenzar a recibir la basura de municipios de los Valles Centrales.<\/p>\n\n\n\n<p>No hay nada de eso. El gasto excesivo sigue para sacar la basura de la zona metropolitana de Oaxaca y llevarla a la planta de Cruz Azul, en El Barrio de la Soledad, regi\u00f3n del Istmo, o a otras entidades, como Chiapas o Puebla.<\/p>\n\n\n\n<p>Veinte millones de pesos cada mes, literalmente tirados a la basura, los que eroga el ayuntamiento capitalino.<\/p>\n\n\n\n<p>Pero tambi\u00e9n se ha dejado de lado la labor preventiva: la concientizaci\u00f3n para que todos separemos, reciclemos, y reutilicemos en su caso los desechos.<\/p>\n\n\n\n<p>Acaso algunos camiones recolectores son exigentes para recibir las bolsas o recipientes de basura; acaso en algunos municipios, como en Santa Luc\u00eda del Camino, hay un d\u00eda especial y unidades especiales para recolectar los residuos org\u00e1nicos.<\/p>\n\n\n\n<p>Pero nada m\u00e1s. No hay m\u00e1s informaci\u00f3n; no hay difusi\u00f3n de acciones preventivas de cuidado del ambiente; no hay inversi\u00f3n extraordinaria; ning\u00fan municipio se preocupa por el manejo propio de sus desechos.<\/p>\n\n\n\n<p>Tampoco hay saneamiento integral del tiradero de la Villa de Zaachila \u2014como anunci\u00f3 el gobierno que se har\u00eda\u2014, para cerrar de manera definitiva dicho espacio.<\/p>\n\n\n\n<p>Mientras tanto, la titular de la Secretar\u00eda del Medio Ambiente, Karime Unda Harp, ni sufre ni se acongoja\u2026 y espera que otros funcionarios le resuelvan el problema que le toca.<\/p>\n","protected":false},"excerpt":{"rendered":"<p>Ismael Garc\u00eda M.\/Zona Roja. Oaxaca, Oax., a 12 de agosto de 2024.- Lo m\u00e1s reciente&hellip;<\/p>\n","protected":false},"author":2,"featured_media":67764,"comment_status":"closed","ping_status":"open","sticky":false,"template":"","format":"standard","meta":{"_lmt_disableupdate":"","_lmt_disable":"","_jetpack_memberships_contains_paid_content":false,"footnotes":""},"categories":[456,109,48],"tags":[1353],"class_list":["post-71305","post","type-post","status-publish","format-standard","has-post-thumbnail","hentry","category-columna","category-minuto-a-minuto","category-zona-critica","tag-opinion-zona-critica"],"jetpack_featured_media_url":"https:\/\/zonaroja.com.mx\/wp-content\/uploads\/2024\/04\/Opinion-Zona-Roja-Ismael-Garcia.jpg","jetpack_sharing_enabled":true,"_links":{"self":[{"href":"https:\/\/zonaroja.com.mx\/index.php?rest_route=\/wp\/v2\/posts\/71305","targetHints":{"allow":["GET"]}}],"collection":[{"href":"https:\/\/zonaroja.com.mx\/index.php?rest_route=\/wp\/v2\/posts"}],"about":[{"href":"https:\/\/zonaroja.com.mx\/index.php?rest_route=\/wp\/v2\/types\/post"}],"author":[{"embeddable":true,"href":"https:\/\/zonaroja.com.mx\/index.php?rest_route=\/wp\/v2\/users\/2"}],"replies":[{"embeddable":true,"href":"https:\/\/zonaroja.com.mx\/index.php?rest_route=%2Fwp%2Fv2%2Fcomments&post=71305"}],"version-history":[{"count":1,"href":"https:\/\/zonaroja.com.mx\/index.php?rest_route=\/wp\/v2\/posts\/71305\/revisions"}],"predecessor-version":[{"id":71306,"href":"https:\/\/zonaroja.com.mx\/index.php?rest_route=\/wp\/v2\/posts\/71305\/revisions\/71306"}],"wp:featuredmedia":[{"embeddable":true,"href":"https:\/\/zonaroja.com.mx\/index.php?rest_route=\/wp\/v2\/media\/67764"}],"wp:attachment":[{"href":"https:\/\/zonaroja.com.mx\/index.php?rest_route=%2Fwp%2Fv2%2Fmedia&parent=71305"}],"wp:term":[{"taxonomy":"category","embeddable":true,"href":"https:\/\/zonaroja.com.mx\/index.php?rest_route=%2Fwp%2Fv2%2Fcategories&post=71305"},{"taxonomy":"post_tag","embeddable":true,"href":"https:\/\/zonaroja.com.mx\/index.php?rest_route=%2Fwp%2Fv2%2Ftags&post=71305"}],"curies":[{"name":"wp","href":"https:\/\/api.w.org\/{rel}","templated":true}]}}