{"id":71307,"date":"2024-08-12T07:57:46","date_gmt":"2024-08-12T13:57:46","guid":{"rendered":"https:\/\/zonaroja.com.mx\/?p=71307"},"modified":"2024-08-12T07:57:48","modified_gmt":"2024-08-12T13:57:48","slug":"por-fin-investiga-la-fgr-caso-de-capos-hasta-por-traicion-a-la-patria","status":"publish","type":"post","link":"https:\/\/zonaroja.com.mx\/?p=71307","title":{"rendered":"Por fin investiga la FGR caso de capos\u2026 hasta por traici\u00f3n a la patria"},"content":{"rendered":"\n<p>Redacci\u00f3n\/Zona Roja Cdmx.<\/p>\n\n\n\n<p>Ciudad de M\u00e9xico, a 12 de agosto de 2024.- La Fiscal\u00eda General de la Rep\u00fablica (FGR) anunci\u00f3 ayer que abri\u00f3 una carpeta de investigaci\u00f3n por diversos delitos contra Ismael El Mayo Zambada y Joaqu\u00edn Guzm\u00e1n L\u00f3pez, en la que han llevado m\u00e1s de 100 diligencias, la mayor\u00eda en M\u00e9xico, pero tambi\u00e9n en Estados Unidos, donde fueron detenidos los presuntos l\u00edderes del c\u00e1rtel de Sinaloa, el 25 de julio.<\/p>\n\n\n\n<p>En un comunicado, la FGR revel\u00f3 que solicit\u00f3 al gobernador de Sinaloa, Rub\u00e9n Rocha proporcionar \u201ctoda la informaci\u00f3n respectiva que sea procedente\u201d, luego de que El Mayo difundi\u00f3 una carta en la que asegur\u00f3 que se reunir\u00eda con \u00e9l antes de ser \u201cemboscado\u201d para ser llevado a EU.<\/p>\n\n\n\n<p>Adem\u00e1s, apunt\u00f3 que investigan la relaci\u00f3n del caso con el asesinato de H\u00e9ctor Melesio Cu\u00e9n, ex rector de la Universidad Aut\u00f3noma de Sinaloa, quien tambi\u00e9n participar\u00eda en la presunta reuni\u00f3n con Zambada y Rocha Moya.<\/p>\n\n\n\n<p>\u201c(Se) abri\u00f3 la carpeta n\u00famero SON\/HSO\/0001\/882\/2024, por los posibles delitos de vuelo il\u00edcito; uso il\u00edcito de instalaciones a\u00e9reas; violaci\u00f3n a la legislaci\u00f3n migratoria y aduanera; secuestro; traici\u00f3n a la patria (art\u00edculo 123 del C\u00f3digo Penal Federal); y lo que resulte. A todo lo cual se est\u00e1n agregando otros delitos como lo son homicidio, privaci\u00f3n ilegal de la libertad, y las coparti-cipaciones que se deriven\u201d, se\u00f1al\u00f3.<\/p>\n\n\n\n<p>De acuerdo con el Ministerio P\u00fablico Federal, se han realizado m\u00e1s de 100 diligencias en diversos estados, antes de solicitar las \u00f3rdenes de aprehensi\u00f3n; adem\u00e1s, personal del MP, peritos y agentes de la Polic\u00eda Ministerial, con autorizaci\u00f3n del gobierno estadunidense, levantaron diligencias policiacas y periciales en el aeropuerto de Santa Teresa, Nuevo M\u00e9xico.<\/p>\n\n\n\n<p>La investigaci\u00f3n de la FGR contempla las declaraciones que dio el pasado viernes el embajador Ken Salazar sobre el caso, quien afirm\u00f3 que la evidencia apunta a que El Mayo \u201cfue llevado contra su voluntad\u201d a EU, y que Joaqu\u00edn Guzm\u00e1n L\u00f3pez, hijo de Joaqu\u00edn El Chapo Guzm\u00e1n, se entreg\u00f3 de manera voluntaria.<\/p>\n\n\n\n<p>Por ello, realizaron diligencias en la zona Huertos del Pedregal, en Culiac\u00e1n, y en el aer\u00f3dromo que posiblemente se utiliz\u00f3 para el traslado de El Mayo y del hijo de El Chapo, igual que en otras pistas de vuelo.<\/p>\n\n\n\n<p>Sobre Melesio Cu\u00e9n, diputado federal electo por el PRI y PAN, asesinado el mismo d\u00eda de la detenci\u00f3n, la FGR se\u00f1al\u00f3 que \u201cse est\u00e1 solicitando, con car\u00e1cter de urgente, a la Fiscal\u00eda General de Sinaloa que se avenga a la atracci\u00f3n federal del caso\u2026 por sus posibles vinculaciones con el tema\u201d.<\/p>\n\n\n\n<p>(Informaci\u00f3n de \u201cLa Jornada\u201d)<\/p>\n","protected":false},"excerpt":{"rendered":"<p>Redacci\u00f3n\/Zona Roja Cdmx. Ciudad de M\u00e9xico, a 12 de agosto de 2024.- La Fiscal\u00eda General&hellip;<\/p>\n","protected":false},"author":2,"featured_media":70747,"comment_status":"closed","ping_status":"open","sticky":false,"template":"","format":"standard","meta":{"_lmt_disableupdate":"","_lmt_disable":"","_jetpack_memberships_contains_paid_content":false,"footnotes":""},"categories":[109,47],"tags":[3847],"class_list":["post-71307","post","type-post","status-publish","format-standard","has-post-thumbnail","hentry","category-minuto-a-minuto","category-zona-gris","tag-ismael-el-mayo-zambada"],"jetpack_featured_media_url":"https:\/\/zonaroja.com.mx\/wp-content\/uploads\/2024\/07\/Mayo-Zambada.jpg","jetpack_sharing_enabled":true,"_links":{"self":[{"href":"https:\/\/zonaroja.com.mx\/index.php?rest_route=\/wp\/v2\/posts\/71307","targetHints":{"allow":["GET"]}}],"collection":[{"href":"https:\/\/zonaroja.com.mx\/index.php?rest_route=\/wp\/v2\/posts"}],"about":[{"href":"https:\/\/zonaroja.com.mx\/index.php?rest_route=\/wp\/v2\/types\/post"}],"author":[{"embeddable":true,"href":"https:\/\/zonaroja.com.mx\/index.php?rest_route=\/wp\/v2\/users\/2"}],"replies":[{"embeddable":true,"href":"https:\/\/zonaroja.com.mx\/index.php?rest_route=%2Fwp%2Fv2%2Fcomments&post=71307"}],"version-history":[{"count":1,"href":"https:\/\/zonaroja.com.mx\/index.php?rest_route=\/wp\/v2\/posts\/71307\/revisions"}],"predecessor-version":[{"id":71308,"href":"https:\/\/zonaroja.com.mx\/index.php?rest_route=\/wp\/v2\/posts\/71307\/revisions\/71308"}],"wp:featuredmedia":[{"embeddable":true,"href":"https:\/\/zonaroja.com.mx\/index.php?rest_route=\/wp\/v2\/media\/70747"}],"wp:attachment":[{"href":"https:\/\/zonaroja.com.mx\/index.php?rest_route=%2Fwp%2Fv2%2Fmedia&parent=71307"}],"wp:term":[{"taxonomy":"category","embeddable":true,"href":"https:\/\/zonaroja.com.mx\/index.php?rest_route=%2Fwp%2Fv2%2Fcategories&post=71307"},{"taxonomy":"post_tag","embeddable":true,"href":"https:\/\/zonaroja.com.mx\/index.php?rest_route=%2Fwp%2Fv2%2Ftags&post=71307"}],"curies":[{"name":"wp","href":"https:\/\/api.w.org\/{rel}","templated":true}]}}