{"id":71317,"date":"2024-08-12T14:36:35","date_gmt":"2024-08-12T20:36:35","guid":{"rendered":"https:\/\/zonaroja.com.mx\/?p=71317"},"modified":"2024-08-12T14:36:38","modified_gmt":"2024-08-12T20:36:38","slug":"inicia-la-semana-con-un-ejecutado-en-la-region-del-istmo","status":"publish","type":"post","link":"https:\/\/zonaroja.com.mx\/?p=71317","title":{"rendered":"Inicia la semana con un ejecutado en la regi\u00f3n del Istmo"},"content":{"rendered":"\n<p>Raymundo Morales\/Zona Roja.<\/p>\n\n\n\n<p>Oaxaca de Ju\u00e1rez, Oax., a 12 de agosto de 2024.- La violencia no para en la regi\u00f3n del Istmo de Tehuantepec y este lunes ejecutaron a balazos a una persona del sexo masculino en el municipio de Salina Cruz.<\/p>\n\n\n\n<p>El crimen se perpetr\u00f3 durante la madrugada en un domicilio de la calle Revoluci\u00f3n de la colonia El Aguaje, donde encontraron el cuerpo de quien en vida respondi\u00f3 al nombre de Mario G.<\/p>\n\n\n\n<p>Hasta el momento se desconoce qui\u00e9n o qui\u00e9nes lo privaron de la existencia y los polic\u00edas arribaron a la zona tras una llamada de auxilio por parte de los vecinos, que escucharon diversas detonaciones de arma de fuego.<\/p>\n\n\n\n<p>Param\u00e9dicos dieron los primeros auxilios a la v\u00edctima pero corroboraron que ya no contaba con signos vitales.<\/p>\n\n\n\n<p>Mientras que personal de la Vicefiscal\u00eda Regional del Istmo, dependiente de la Fiscal\u00eda General del Estado de Oaxaca, inici\u00f3 con las indagatorias correspondientes.<\/p>\n","protected":false},"excerpt":{"rendered":"<p>Raymundo Morales\/Zona Roja. Oaxaca de Ju\u00e1rez, Oax., a 12 de agosto de 2024.- La violencia&hellip;<\/p>\n","protected":false},"author":2,"featured_media":69717,"comment_status":"closed","ping_status":"open","sticky":false,"template":"","format":"standard","meta":{"_lmt_disableupdate":"","_lmt_disable":"","_jetpack_memberships_contains_paid_content":false,"footnotes":""},"categories":[109,51],"tags":[168],"class_list":["post-71317","post","type-post","status-publish","format-standard","has-post-thumbnail","hentry","category-minuto-a-minuto","category-zona-roja","tag-salina-cruz"],"jetpack_featured_media_url":"https:\/\/zonaroja.com.mx\/wp-content\/uploads\/2024\/06\/Escena-del-crimen-asesinato.jpeg","jetpack_sharing_enabled":true,"_links":{"self":[{"href":"https:\/\/zonaroja.com.mx\/index.php?rest_route=\/wp\/v2\/posts\/71317","targetHints":{"allow":["GET"]}}],"collection":[{"href":"https:\/\/zonaroja.com.mx\/index.php?rest_route=\/wp\/v2\/posts"}],"about":[{"href":"https:\/\/zonaroja.com.mx\/index.php?rest_route=\/wp\/v2\/types\/post"}],"author":[{"embeddable":true,"href":"https:\/\/zonaroja.com.mx\/index.php?rest_route=\/wp\/v2\/users\/2"}],"replies":[{"embeddable":true,"href":"https:\/\/zonaroja.com.mx\/index.php?rest_route=%2Fwp%2Fv2%2Fcomments&post=71317"}],"version-history":[{"count":1,"href":"https:\/\/zonaroja.com.mx\/index.php?rest_route=\/wp\/v2\/posts\/71317\/revisions"}],"predecessor-version":[{"id":71318,"href":"https:\/\/zonaroja.com.mx\/index.php?rest_route=\/wp\/v2\/posts\/71317\/revisions\/71318"}],"wp:featuredmedia":[{"embeddable":true,"href":"https:\/\/zonaroja.com.mx\/index.php?rest_route=\/wp\/v2\/media\/69717"}],"wp:attachment":[{"href":"https:\/\/zonaroja.com.mx\/index.php?rest_route=%2Fwp%2Fv2%2Fmedia&parent=71317"}],"wp:term":[{"taxonomy":"category","embeddable":true,"href":"https:\/\/zonaroja.com.mx\/index.php?rest_route=%2Fwp%2Fv2%2Fcategories&post=71317"},{"taxonomy":"post_tag","embeddable":true,"href":"https:\/\/zonaroja.com.mx\/index.php?rest_route=%2Fwp%2Fv2%2Ftags&post=71317"}],"curies":[{"name":"wp","href":"https:\/\/api.w.org\/{rel}","templated":true}]}}