{"id":7132,"date":"2019-12-30T18:49:21","date_gmt":"2019-12-31T00:49:21","guid":{"rendered":"http:\/\/www.zonaroja.com.mx\/?p=7132"},"modified":"2019-12-30T19:02:10","modified_gmt":"2019-12-31T01:02:10","slug":"a-dos-anos-de-la-desaparicion-de-dos-personas-en-cajonos-no-hay-avances-en-indagatorias","status":"publish","type":"post","link":"https:\/\/zonaroja.com.mx\/?p=7132","title":{"rendered":"A dos a\u00f1os de la desaparici\u00f3n de dos personas en Cajonos, no hay avances en indagatorias"},"content":{"rendered":"\n<p>Redacci\u00f3n\/Zona Roja.<\/p>\n\n\n\n<p>Oaxaca de Ju\u00e1rez, Oax., 230 de diciembre\nde 2019.- Dos a\u00f1os han pasado desde la desaparici\u00f3n de \u00c1lvaro Bernardo Reyes\nCruz, de 76 a\u00f1os de edad, y Federico Cruz Morales, de 53 a\u00f1os, autoridades ind\u00edgenas\nde la comunidad zapoteca San Miguel Cajonos, municipio de San Francisco\nCajonos, Villa Alta, Oaxaca, de quienes se perdi\u00f3 el rastro el mismo d\u00eda, pero\nen diferentes circunstancias.<\/p>\n\n\n\n<p>Ambos fueron vistos por \u00faltima vez el 27\nde diciembre de 2017 y hasta la fecha no existen avances en la investigaci\u00f3n,\npor lo que sus familiares piden que las autoridades atiendan su caso, pues\ncomentan que por ser comunidades ind\u00edgenas no han sido escuchados ni valorados.<\/p>\n\n\n\n<p>En conferencia de prensa en la capital, lamentaron que hasta el momento la Fiscal\u00eda General de Justicia del Estado no tenga avances en las indagatorias y tampoco se comprometa con la b\u00fasqueda de ambas personas que desarrollaban un cargo comunitario en defensa de su territorio al momento de desaparecer.<\/p>\n\n\n\n<figure class=\"wp-block-embed-twitter wp-block-embed is-type-rich is-provider-twitter\"><div class=\"wp-block-embed__wrapper\">\n<div class=\"twitter-tweet\"><blockquote class=\"twitter-tweet\" data-lang=\"es\"><p lang=\"es\" dir=\"ltr\"><a href=\"https:\/\/twitter.com\/hashtag\/OaxacaGris?src=hash&amp;ref_src=twsrc%5Etfw\">#OaxacaGris<\/a><a href=\"https:\/\/twitter.com\/hashtag\/Impunidad?src=hash&amp;ref_src=twsrc%5Etfw\">#Impunidad<\/a><br>(1) A dos a\u00f1os de la desaparici\u00f3n de dos comuneros, familiares y pobladores de San Miguel Cajonos exigieron a la <a href=\"https:\/\/twitter.com\/FISCALIA_GobOax?ref_src=twsrc%5Etfw\">@FISCALIA_GobOax<\/a> realizar la b\u00fasqueda y dar resultados en sus indagatorias. <a href=\"https:\/\/t.co\/dKsZMADUWW\">pic.twitter.com\/dKsZMADUWW<\/a><\/p>&mdash; Zona Roja Oaxaca (@MexRoja) <a href=\"https:\/\/twitter.com\/MexRoja\/status\/1211731864429445120?ref_src=twsrc%5Etfw\">30 de diciembre de 2019<\/a><\/blockquote><\/div>\n<\/div><\/figure>\n\n\n\n<p>\u201cHoy se cumple dos a\u00f1os de que no\nsabemos nada de mi esposo &#8211;Federico Cruz Morales&#8211; mi esposo estaba haciendo\nun cargo para el pueblo, cuando autoridades de San Pedro Cajonos lo\ndesaparecieron, hasta ahorita no sabemos a d\u00f3nde se lo llevaron\u201d, asegur\u00f3\nCarmina Ortega Santaella esposa de uno de los desaparecidos. <\/p>\n\n\n\n<p>En este sentido y como desde hace dos\na\u00f1os, exigi\u00f3 justicia a la par que recrimin\u00f3 que la Fiscal\u00eda General del Estado\ny su titular Rub\u00e9n Vasconcelos M\u00e9ndez, no cuenten con avances del caso dejando\nen el olvido a las familias de escasos recursos que lo \u00fanico que necesitan es\nconocer el paradero de los dos habitantes de la localidad. <\/p>\n\n\n\n<p>\u201cPor favor que las autoridades hagan\njusticia, porque yo como esposa todos los d\u00edas vivo la angustia y desesperaci\u00f3n\nde no saber del paradero de mi esposo, las autoridades deben hacer su trabajo y\ndarnos respuesta a nuestra demanda, que adem\u00e1s es responsabilidad del estado\ndar a conocer\u201d, dijo.<\/p>\n\n\n\n<p>As\u00ed mismo, familiares de \u00c1lvaro Bernardo Reyes Cruz lamentaron que sean los seres queridos de los miles de desaparecidos y desaparecidas en M\u00e9xico quienes realicen los trabajos de b\u00fasqueda ante la desidia e inoperancia de las autoridades en el pa\u00eds y el estado para realizar su trabajo.<\/p>\n\n\n\n<figure class=\"wp-block-embed-twitter wp-block-embed is-type-rich is-provider-twitter\"><div class=\"wp-block-embed__wrapper\">\n<div class=\"twitter-tweet\"><blockquote class=\"twitter-tweet\" data-lang=\"es\"><p lang=\"es\" dir=\"ltr\">(2) Ninguna autoridad, ni federal ni estatal, han dado seguimiento a la desaparici\u00f3n de dos personas de San Miguel Cajonos, ocurrida el 27 de diciembre de 2017, denunciaron sus familiares hoy en la capital oaxaque\u00f1a. <a href=\"https:\/\/t.co\/2vMfmwSkf6\">pic.twitter.com\/2vMfmwSkf6<\/a><\/p>&mdash; Zona Roja Oaxaca (@MexRoja) <a href=\"https:\/\/twitter.com\/MexRoja\/status\/1211804983747846145?ref_src=twsrc%5Etfw\">31 de diciembre de 2019<\/a><\/blockquote><\/div>\n<\/div><\/figure>\n\n\n\n<p>Adem\u00e1s de tener que recurrir a\ninstancias internacionales de Derechos Humanos para ser escuchadas, confirmando\nque de poco o nada vale la vida de quienes no tienen recursos para realizar\ncampa\u00f1as medi\u00e1ticas o de alg\u00fan otro car\u00e1cter que les permita hacer visible el\ncaso a nivel nacional y sean atendidas.<\/p>\n\n\n\n<p>Este caso no es el \u00fanico, ya que este\nlunes tambi\u00e9n se record\u00f3, a trav\u00e9s de las redes sociales, el caso de Lauro\nJu\u00e1rez, ind\u00edgena chatino y luchador social del Frente Popular Revolucionario,\ndesaparecido el 30 de diciembre del 2007 cuando se manifestaba por la defensa\nde los usos y costumbres de su comunidad Santa Mar\u00eda Temaxcaltepec.<\/p>\n","protected":false},"excerpt":{"rendered":"<p>Redacci\u00f3n\/Zona Roja. Oaxaca de Ju\u00e1rez, Oax., 230 de diciembre de 2019.- Dos a\u00f1os han pasado&hellip;<\/p>\n","protected":false},"author":2,"featured_media":7133,"comment_status":"closed","ping_status":"open","sticky":false,"template":"","format":"standard","meta":{"_lmt_disableupdate":"","_lmt_disable":"","_jetpack_memberships_contains_paid_content":false,"footnotes":""},"categories":[109,47],"tags":[1205],"class_list":["post-7132","post","type-post","status-publish","format-standard","has-post-thumbnail","hentry","category-minuto-a-minuto","category-zona-gris","tag-san-miguel-cajonos"],"jetpack_featured_media_url":"https:\/\/zonaroja.com.mx\/wp-content\/uploads\/2019\/12\/San-Miguel-Cajonos.jpg","jetpack_sharing_enabled":true,"_links":{"self":[{"href":"https:\/\/zonaroja.com.mx\/index.php?rest_route=\/wp\/v2\/posts\/7132","targetHints":{"allow":["GET"]}}],"collection":[{"href":"https:\/\/zonaroja.com.mx\/index.php?rest_route=\/wp\/v2\/posts"}],"about":[{"href":"https:\/\/zonaroja.com.mx\/index.php?rest_route=\/wp\/v2\/types\/post"}],"author":[{"embeddable":true,"href":"https:\/\/zonaroja.com.mx\/index.php?rest_route=\/wp\/v2\/users\/2"}],"replies":[{"embeddable":true,"href":"https:\/\/zonaroja.com.mx\/index.php?rest_route=%2Fwp%2Fv2%2Fcomments&post=7132"}],"version-history":[{"count":2,"href":"https:\/\/zonaroja.com.mx\/index.php?rest_route=\/wp\/v2\/posts\/7132\/revisions"}],"predecessor-version":[{"id":7135,"href":"https:\/\/zonaroja.com.mx\/index.php?rest_route=\/wp\/v2\/posts\/7132\/revisions\/7135"}],"wp:featuredmedia":[{"embeddable":true,"href":"https:\/\/zonaroja.com.mx\/index.php?rest_route=\/wp\/v2\/media\/7133"}],"wp:attachment":[{"href":"https:\/\/zonaroja.com.mx\/index.php?rest_route=%2Fwp%2Fv2%2Fmedia&parent=7132"}],"wp:term":[{"taxonomy":"category","embeddable":true,"href":"https:\/\/zonaroja.com.mx\/index.php?rest_route=%2Fwp%2Fv2%2Fcategories&post=7132"},{"taxonomy":"post_tag","embeddable":true,"href":"https:\/\/zonaroja.com.mx\/index.php?rest_route=%2Fwp%2Fv2%2Ftags&post=7132"}],"curies":[{"name":"wp","href":"https:\/\/api.w.org\/{rel}","templated":true}]}}