{"id":71322,"date":"2024-08-12T18:30:18","date_gmt":"2024-08-13T00:30:18","guid":{"rendered":"https:\/\/zonaroja.com.mx\/?p=71322"},"modified":"2024-08-12T19:17:45","modified_gmt":"2024-08-13T01:17:45","slug":"asesinan-a-tres-personas-por-conflicto-en-zona-mixe-de-oaxaca","status":"publish","type":"post","link":"https:\/\/zonaroja.com.mx\/?p=71322","title":{"rendered":"Asesinan a tres personas por conflicto en zona Mixe de Oaxaca"},"content":{"rendered":"\n<p>Ismael Garc\u00eda M.\/Zona Roja.<\/p>\n\n\n\n<p>Oaxaca de Ju\u00e1rez, Oax., a 12 de agosto de 2024.- Tres personas fueron asesinadas en Guadalupe Victoria, agencia municipal de San Juan Juquila Mixe, Oaxaca, producto de conflictos pol\u00edticos y sociales.<\/p>\n\n\n\n<p>De acuerdo con los pobladores, lo anterior ocurri\u00f3 el fin de semana ante la nula seguridad en la zona y falta del cumplimiento de las autoridades estatales para garantizar una soluci\u00f3n a la problem\u00e1tica.<\/p>\n\n\n\n<p>Los presuntos asesinos habr\u00edan sido de la comunidad de San Pedro Ocotepec, que reiteradamente han rechazado el regreso de 128 familias desplazadas de Guadalupe Victoria y que viven desde entonces en Juquila Mixe.<\/p>\n\n\n\n<p>Durante la ma\u00f1ana del s\u00e1bado 10 de agosto muri\u00f3 una persona y por la tarde dos m\u00e1s; las v\u00edctimas fueron identificadas como Ausencio M., Delfino P., y Zen\u00f3n R.; hay un herido m\u00e1s, Francisco P.<\/p>\n\n\n\n<p>Seg\u00fan los familiares, el pasado 3 de agosto autoridades de la Secretar\u00eda de Gobierno arribaron a la zona para alcanzar un acuerdo, luego del bloqueo a los trabajos de la supercarretera Oaxaca-Istmo.<\/p>\n\n\n\n<p>En ese entonces, a cambio de retirar la protesta, les prometieron a los desplazados v\u00edveres, colchonetas y despensas; asimismo, que en un plazo de tres meses retornar\u00edan a su comunidad, en Guadalupe Victoria.<\/p>\n\n\n\n<p>Fue el 7 de enero de 20217 en que 128 familias fueron desplazadas  y acogidas en San Juan Juquila Mixe y pese a m\u00faltiples compromisos, hasta el momento no hay ning\u00fan cumplimiento a los acuerdos.<\/p>\n","protected":false},"excerpt":{"rendered":"<p>Ismael Garc\u00eda M.\/Zona Roja. Oaxaca de Ju\u00e1rez, Oax., a 12 de agosto de 2024.- Tres&hellip;<\/p>\n","protected":false},"author":2,"featured_media":71323,"comment_status":"closed","ping_status":"open","sticky":false,"template":"","format":"standard","meta":{"_lmt_disableupdate":"","_lmt_disable":"","_jetpack_memberships_contains_paid_content":false,"footnotes":""},"categories":[109,51],"tags":[2822],"class_list":["post-71322","post","type-post","status-publish","format-standard","has-post-thumbnail","hentry","category-minuto-a-minuto","category-zona-roja","tag-san-juan-juquila-mixe"],"jetpack_featured_media_url":"https:\/\/zonaroja.com.mx\/wp-content\/uploads\/2024\/08\/San-Juan-Juquila-Mixe-municipio.jpeg","jetpack_sharing_enabled":true,"_links":{"self":[{"href":"https:\/\/zonaroja.com.mx\/index.php?rest_route=\/wp\/v2\/posts\/71322","targetHints":{"allow":["GET"]}}],"collection":[{"href":"https:\/\/zonaroja.com.mx\/index.php?rest_route=\/wp\/v2\/posts"}],"about":[{"href":"https:\/\/zonaroja.com.mx\/index.php?rest_route=\/wp\/v2\/types\/post"}],"author":[{"embeddable":true,"href":"https:\/\/zonaroja.com.mx\/index.php?rest_route=\/wp\/v2\/users\/2"}],"replies":[{"embeddable":true,"href":"https:\/\/zonaroja.com.mx\/index.php?rest_route=%2Fwp%2Fv2%2Fcomments&post=71322"}],"version-history":[{"count":2,"href":"https:\/\/zonaroja.com.mx\/index.php?rest_route=\/wp\/v2\/posts\/71322\/revisions"}],"predecessor-version":[{"id":71327,"href":"https:\/\/zonaroja.com.mx\/index.php?rest_route=\/wp\/v2\/posts\/71322\/revisions\/71327"}],"wp:featuredmedia":[{"embeddable":true,"href":"https:\/\/zonaroja.com.mx\/index.php?rest_route=\/wp\/v2\/media\/71323"}],"wp:attachment":[{"href":"https:\/\/zonaroja.com.mx\/index.php?rest_route=%2Fwp%2Fv2%2Fmedia&parent=71322"}],"wp:term":[{"taxonomy":"category","embeddable":true,"href":"https:\/\/zonaroja.com.mx\/index.php?rest_route=%2Fwp%2Fv2%2Fcategories&post=71322"},{"taxonomy":"post_tag","embeddable":true,"href":"https:\/\/zonaroja.com.mx\/index.php?rest_route=%2Fwp%2Fv2%2Ftags&post=71322"}],"curies":[{"name":"wp","href":"https:\/\/api.w.org\/{rel}","templated":true}]}}