{"id":71328,"date":"2024-08-12T20:07:12","date_gmt":"2024-08-13T02:07:12","guid":{"rendered":"https:\/\/zonaroja.com.mx\/?p=71328"},"modified":"2024-08-12T20:07:13","modified_gmt":"2024-08-13T02:07:13","slug":"edil-de-zaachila-abandona-a-bailarin-de-la-guelaguetza-tras-accidente","status":"publish","type":"post","link":"https:\/\/zonaroja.com.mx\/?p=71328","title":{"rendered":"Edil de Zaachila abandona a bailar\u00edn de la Guelaguetza, tras accidente"},"content":{"rendered":"\n<p>Raymundo Morales\/Zona Roja.<\/p>\n\n\n\n<p>Oaxaca de Ju\u00e1rez, Oax., a 12 de agosto de 2024.- Un joven que particip\u00f3 como bailar\u00edn sufri\u00f3 un accidente en las fiestas de la Guelaguetza de la Villa de Zaachila, tras lo cual resultaron severas lesiones.&nbsp;<\/p>\n\n\n\n<p>Sin embargo, seg\u00fan denunciaron sus familiares, el presidente municipal Rigoberto Chac\u00f3n, del Partido Morena, lo abandon\u00f3 y se niega a cubrir los gastos m\u00e9dicos.<\/p>\n\n\n\n<p>De acuerdo con informaci\u00f3n compartida en redes sociales, fue el pasado 29 de julio en que un joven de 20 a\u00f1os de edad sufri\u00f3 una grave lesi\u00f3n en la pierna mientras participaba en la actividad que se llev\u00f3 acabo en la cancha de San Pedro, en Zaachila. El accidente ocurri\u00f3 justo antes de salir al evento de la Guelaguetza de Zaachila.<\/p>\n\n\n\n<p>Tras ello fue fue sometido a una intervenci\u00f3n quir\u00fargica en la que le colocaron tres tornillos en una pierna.&nbsp;<\/p>\n\n\n\n<p>Los m\u00e9dicos indicaron que deber\u00e1 pasar aproximadamente seis meses sin poder apoyar la pierna para asegurar una recuperaci\u00f3n segura y m\u00e1s de un a\u00f1o para poder tener la fuerza para realizar sus actividades culturales.&nbsp;<\/p>\n\n\n\n<p>Adem\u00e1s, requerir\u00e1 terapias para recuperar la movilidad y fortaleza en la pierna afectada.<\/p>\n\n\n\n<p>Sin embargo, la familia enfrenta dificultades para obtener apoyo de las autoridades que en su momento solicitaron ayuda para la Guelaguetza de la comunidad.&nbsp;<\/p>\n\n\n\n<p>El delegado del Grupo \u00abSan Pedro de la Reforma\u00bb, que ha acompa\u00f1ado al presidente de Zaachila en eventos, solo les da largas y no ha presentado el oficio solicitado para obtener ayuda y mucho menos tiene la voluntad de apoyar al joven que hoy necesita de nuestra ayuda.<\/p>\n\n\n\n<p>La familia es de escasos recursos y residente en el Barrio del Ni\u00f1o, Zaachila, busca cualquier apoyo que pueda recibir para ayudar en la recuperaci\u00f3n del joven. Hasta el momento, el presidente de Zaachila no ha podido recibirlos para brindar ayuda o apoyo.<\/p>\n\n\n\n<p>Quien guste apoyar al joven puede hacerlo directamente al 9512182386, o a trav\u00e9s de: Bancoppel a la cuenta 4169 1614 3463 4837, a nombre de \u00c9rika Morales Ger\u00f3nimo.<\/p>\n","protected":false},"excerpt":{"rendered":"<p>Raymundo Morales\/Zona Roja. Oaxaca de Ju\u00e1rez, Oax., a 12 de agosto de 2024.- Un joven&hellip;<\/p>\n","protected":false},"author":2,"featured_media":71330,"comment_status":"closed","ping_status":"open","sticky":false,"template":"","format":"standard","meta":{"_lmt_disableupdate":"","_lmt_disable":"","_jetpack_memberships_contains_paid_content":false,"footnotes":""},"categories":[109,47],"tags":[155],"class_list":["post-71328","post","type-post","status-publish","format-standard","has-post-thumbnail","hentry","category-minuto-a-minuto","category-zona-gris","tag-villa-de-zaachila"],"jetpack_featured_media_url":"https:\/\/zonaroja.com.mx\/wp-content\/uploads\/2024\/08\/Joven-accidentado-Zaachila-Guelaguetza.jpg","jetpack_sharing_enabled":true,"_links":{"self":[{"href":"https:\/\/zonaroja.com.mx\/index.php?rest_route=\/wp\/v2\/posts\/71328","targetHints":{"allow":["GET"]}}],"collection":[{"href":"https:\/\/zonaroja.com.mx\/index.php?rest_route=\/wp\/v2\/posts"}],"about":[{"href":"https:\/\/zonaroja.com.mx\/index.php?rest_route=\/wp\/v2\/types\/post"}],"author":[{"embeddable":true,"href":"https:\/\/zonaroja.com.mx\/index.php?rest_route=\/wp\/v2\/users\/2"}],"replies":[{"embeddable":true,"href":"https:\/\/zonaroja.com.mx\/index.php?rest_route=%2Fwp%2Fv2%2Fcomments&post=71328"}],"version-history":[{"count":1,"href":"https:\/\/zonaroja.com.mx\/index.php?rest_route=\/wp\/v2\/posts\/71328\/revisions"}],"predecessor-version":[{"id":71331,"href":"https:\/\/zonaroja.com.mx\/index.php?rest_route=\/wp\/v2\/posts\/71328\/revisions\/71331"}],"wp:featuredmedia":[{"embeddable":true,"href":"https:\/\/zonaroja.com.mx\/index.php?rest_route=\/wp\/v2\/media\/71330"}],"wp:attachment":[{"href":"https:\/\/zonaroja.com.mx\/index.php?rest_route=%2Fwp%2Fv2%2Fmedia&parent=71328"}],"wp:term":[{"taxonomy":"category","embeddable":true,"href":"https:\/\/zonaroja.com.mx\/index.php?rest_route=%2Fwp%2Fv2%2Fcategories&post=71328"},{"taxonomy":"post_tag","embeddable":true,"href":"https:\/\/zonaroja.com.mx\/index.php?rest_route=%2Fwp%2Fv2%2Ftags&post=71328"}],"curies":[{"name":"wp","href":"https:\/\/api.w.org\/{rel}","templated":true}]}}