{"id":71332,"date":"2024-08-12T21:41:39","date_gmt":"2024-08-13T03:41:39","guid":{"rendered":"https:\/\/zonaroja.com.mx\/?p=71332"},"modified":"2024-08-12T21:41:41","modified_gmt":"2024-08-13T03:41:41","slug":"encaran-desplazados-de-xoxocotlan-a-edil-y-actual-funcionario-estatal","status":"publish","type":"post","link":"https:\/\/zonaroja.com.mx\/?p=71332","title":{"rendered":"Encaran desplazados de Xoxocotl\u00e1n a edil y actual funcionario estatal"},"content":{"rendered":"\n<p>Ismael Garc\u00eda M.\/Zona Roja.<\/p>\n\n\n\n<p>Oaxaca de Ju\u00e1rez, Oax., a 12 de agosto de 2024.- \u201cT\u00fa estabas de presidente municipal! \u00a1Y no digas que no sabes nada! \u00a1Por qu\u00e9 lo hiciste! \u00a1Por qu\u00e9 lo hiciste!\u201d.<\/p>\n\n\n\n<p>El actual funcionario del Gobierno del Estado de Oaxaca no atinaba a responder. Evasivo y y tratando de defenderse, Alejandro L\u00f3pez Jarqu\u00edn recibi\u00f3 los reclamos de los desplazados hace cinco a\u00f1os de parajes de Santa Cruz Xoxocotl\u00e1n, en su periodo como edil.<\/p>\n\n\n\n<p>-\u00bfMe dejas hablar? Porque est\u00e1n los medios y necesitamos que se sepa la verdad.<\/p>\n\n\n\n<p>-\u00a1La verdad es esa, estuviste como presidente municipal y no hiciste nada!<\/p>\n\n\n\n<p>Infructuosos los esfuerzos del dos veces edil del municipio conurbado.<\/p>\n\n\n\n<p>Fue el 19 de noviembre de 2019 en que grupos armados incursionaron en los parajes \u201cLomas del Qu\u00edo\u201d, \u201cEl Coquito\u201d y \u201cLos M\u00e1ngales\u201d, para desalojar a los habitantes que, aseguran, hab\u00edan comprado sus lotes.<\/p>\n\n\n\n<p>\u00a1Habla, habla, pero habla verdad, no falso! -le recriminaban vez tras vez.<\/p>\n\n\n\n<p>L\u00f3pez Jarqu\u00edn intentaba explicar. Intentaba excusarse de que no era su facultad debido a que se trataba de un conflicto agrario, pese a que hubo intervenci\u00f3n de grupos armados que incendiaron casas, agredieron a la gente y mataron a una persona.<\/p>\n\n\n\n<p>Luego hurg\u00f3 por otra v\u00eda: est\u00e1bamos solos, pedimos la presencia de la Polic\u00eda Estatal pero nunca lleg\u00f3; la Polic\u00eda Municipal s\u00ed logr\u00f3 ingresar, se justific\u00f3 el actual director del Instituto Oaxaque\u00f1o de Infraestructura F\u00edsica Educativa.<\/p>\n\n\n\n<p>-Yo no soy autoridad agraria ni soy autoridad comunal\u2026<\/p>\n\n\n\n<p>-T\u00fa eras presidente municipal.<\/p>\n\n\n\n<p>-Escucha. Aprende a escuchar, aprende a escuchar, aprende a escuchar -los revires del funcionario estatal.<\/p>\n\n\n\n<p>-\u00a1Por qu\u00e9 no hicieron frente a los que nos desalojaron!<\/p>\n\n\n\n<p>-Aprende a escuchar.<\/p>\n\n\n\n<p>-\u00a1Te estoy escuchando!<\/p>\n\n\n\n<p>La situaci\u00f3n estaba por llegar a los empujones y termin\u00f3 en reclamos, para no llegar a ning\u00fan acuerdo. El funcionario estatal opt\u00f3 por retirarse, arropado por su guardia de seguridad.<\/p>\n\n\n\n<p>Los inconformes viven actualmente en p\u00e9simas condiciones en un albergue ubicado en el municipio de Santa Cruz Amilpas; desde hace cinco a\u00f1os han exigido a las autoridades estatales y municipales garantizar su retorno a sus viviendas, pero hasta ahora no han tenido el respaldo para ello.<\/p>\n\n\n\n<figure class=\"wp-block-embed is-type-rich is-provider-twitter wp-block-embed-twitter\"><div class=\"wp-block-embed__wrapper\">\n<div class=\"twitter-tweet\"><blockquote class=\"twitter-tweet\" data-lang=\"es\"><p lang=\"es\" dir=\"ltr\">\u00bfQu\u00e9 tal? As\u00ed reclamaron desplazados de Santa Cruz Xoxocotl\u00e1n a Alejandro L\u00f3pez Jarqu\u00edn (<a href=\"https:\/\/twitter.com\/Alejandro_ALJ?ref_src=twsrc%5Etfw\">@Alejandro_ALJ<\/a>) -hoy funcionario del <a href=\"https:\/\/twitter.com\/GobOax?ref_src=twsrc%5Etfw\">@GobOax<\/a>&#8211; su responsabilidad en los hechos violentos de 2019, pues en ese entonces era presidente municipal. <br>Video: Cortes\u00eda. <a href=\"https:\/\/t.co\/qXwn63BhnZ\">pic.twitter.com\/qXwn63BhnZ<\/a><\/p>&mdash; Zona Roja Oaxaca (@ZonaRoja_Oaxaca) <a href=\"https:\/\/twitter.com\/ZonaRoja_Oaxaca\/status\/1823114834482811291?ref_src=twsrc%5Etfw\">12 de agosto de 2024<\/a><\/blockquote><\/div>\n<\/div><\/figure>\n","protected":false},"excerpt":{"rendered":"<p>Ismael Garc\u00eda M.\/Zona Roja. Oaxaca de Ju\u00e1rez, Oax., a 12 de agosto de 2024.- \u201cT\u00fa&hellip;<\/p>\n","protected":false},"author":2,"featured_media":71333,"comment_status":"closed","ping_status":"open","sticky":false,"template":"","format":"standard","meta":{"_lmt_disableupdate":"","_lmt_disable":"","_jetpack_memberships_contains_paid_content":false,"footnotes":""},"categories":[109,47],"tags":[133],"class_list":["post-71332","post","type-post","status-publish","format-standard","has-post-thumbnail","hentry","category-minuto-a-minuto","category-zona-gris","tag-santa-cruz-xoxocotlan"],"jetpack_featured_media_url":"https:\/\/zonaroja.com.mx\/wp-content\/uploads\/2024\/08\/Alejandro-Lopez-Jarquin-Xoxocotlan.jpg","jetpack_sharing_enabled":true,"_links":{"self":[{"href":"https:\/\/zonaroja.com.mx\/index.php?rest_route=\/wp\/v2\/posts\/71332","targetHints":{"allow":["GET"]}}],"collection":[{"href":"https:\/\/zonaroja.com.mx\/index.php?rest_route=\/wp\/v2\/posts"}],"about":[{"href":"https:\/\/zonaroja.com.mx\/index.php?rest_route=\/wp\/v2\/types\/post"}],"author":[{"embeddable":true,"href":"https:\/\/zonaroja.com.mx\/index.php?rest_route=\/wp\/v2\/users\/2"}],"replies":[{"embeddable":true,"href":"https:\/\/zonaroja.com.mx\/index.php?rest_route=%2Fwp%2Fv2%2Fcomments&post=71332"}],"version-history":[{"count":1,"href":"https:\/\/zonaroja.com.mx\/index.php?rest_route=\/wp\/v2\/posts\/71332\/revisions"}],"predecessor-version":[{"id":71334,"href":"https:\/\/zonaroja.com.mx\/index.php?rest_route=\/wp\/v2\/posts\/71332\/revisions\/71334"}],"wp:featuredmedia":[{"embeddable":true,"href":"https:\/\/zonaroja.com.mx\/index.php?rest_route=\/wp\/v2\/media\/71333"}],"wp:attachment":[{"href":"https:\/\/zonaroja.com.mx\/index.php?rest_route=%2Fwp%2Fv2%2Fmedia&parent=71332"}],"wp:term":[{"taxonomy":"category","embeddable":true,"href":"https:\/\/zonaroja.com.mx\/index.php?rest_route=%2Fwp%2Fv2%2Fcategories&post=71332"},{"taxonomy":"post_tag","embeddable":true,"href":"https:\/\/zonaroja.com.mx\/index.php?rest_route=%2Fwp%2Fv2%2Ftags&post=71332"}],"curies":[{"name":"wp","href":"https:\/\/api.w.org\/{rel}","templated":true}]}}