{"id":71337,"date":"2024-08-13T12:30:00","date_gmt":"2024-08-13T18:30:00","guid":{"rendered":"https:\/\/zonaroja.com.mx\/?p=71337"},"modified":"2024-08-13T07:00:53","modified_gmt":"2024-08-13T13:00:53","slug":"gobernador-de-sinaloa-reconoce-que-pacto-con-carteles","status":"publish","type":"post","link":"https:\/\/zonaroja.com.mx\/?p=71337","title":{"rendered":"Gobernador de Sinaloa reconoce que pact\u00f3 con c\u00e1rteles"},"content":{"rendered":"\n<p>Redacci\u00f3n\/Zona Roja Cdmx.<\/p>\n\n\n\n<p>Ciudad de M\u00e9xico, a 13 de agosto de 2024.- \u00bfEntonces s\u00ed conoce al \u201cMayo\u201d Zambada?&nbsp;<\/p>\n\n\n\n<p>Rub\u00e9n Rocha Moya reconoci\u00f3 en 2021, cuando a\u00fan era gobernador electo de Sinaloa, que logr\u00f3 liderar \u201cla tierra que lo vio nacer\u201d, despu\u00e9s de sentarse a platicar con capos mexicanos.<\/p>\n\n\n\n<p>De acuerdo con la versi\u00f3n del periodista Salvador Garc\u00eda Soto, quien lo entrevist\u00f3 hace tres a\u00f1os despu\u00e9s de aceptar una comida con el mandatario estatal, Rocha Moya confes\u00f3 que pidi\u00f3 el apoyo de los c\u00e1rteles mexicanos para gobernar Sinaloa, pues \u201caqu\u00ed todo mundo sabe c\u00f3mo est\u00e1 la cosa\u201d.<\/p>\n\n\n\n<p>\u201cYo fui y habl\u00e9 con ellos, los conozco porque soy de Badiraguato. Y yo fui a pedirles su apoyo. Quien te diga que quiere gobernar Sinaloa y no tiene el visto bueno de ellos, te miente. As\u00ed es la cosa aqu\u00ed, para qu\u00e9 nos hacemos pendejos\u201d, coment\u00f3 el gobernador.<\/p>\n\n\n\n<p>En aquella ocasi\u00f3n, Rub\u00e9n Rocha le explic\u00f3 al comunicador que entre sus planes no estaba competir por la gubernatura porque no es \u201ctan pol\u00edtico, pero el presidente (AMLO) me pidi\u00f3 que compitiera y no pod\u00eda decirle que no\u201d, le coment\u00f3 durante el trayecto al restaurante donde comer\u00edan.<\/p>\n\n\n\n<p>En dicha salida, el periodista asegur\u00f3 que el morenista se ve\u00eda emocionado, ya que estaba a punto de \u201cconvertirse en gobernador de su tierra\u201d, adem\u00e1s de que, dijo, la transici\u00f3n con el exgobernador Quirino Ordaz Coppel estaba \u201ca toda madre\u201d.<\/p>\n\n\n\n<p>VERSI\u00d3N DE ZAMBADA<\/p>\n\n\n\n<p>\u201cEl Mayo\u201d Zambada admiti\u00f3 en una carta que fue capturado el mismo d\u00eda que Joaqu\u00edn Guzm\u00e1n L\u00f3pez, hijo del \u201cChapo\u201d Guzm\u00e1n, le pidi\u00f3 asistir a una reuni\u00f3n con Rub\u00e9n Rocha Moya para ayudar a resolver las diferencias entre los l\u00edderes pol\u00edticos de Sinaloa.<\/p>\n\n\n\n<p>En el escrito, el capo mexicano asegur\u00f3 que \u00e9l sab\u00eda que hab\u00edan constantes desencuentros entre el gobernador de Sinaloa y el diputado electo. \u201cYo era consciente de una continua disputa entre Rub\u00e9n Rocha Moya, gobernador de Sinaloa, y H\u00e9ctor Melesio Cuen Ojeda, excongresista federal, alcalde de Culiac\u00e1n y rector de la Universidad Aut\u00f3noma de Sinaloa (UAS)\u201d, explic\u00f3.<\/p>\n\n\n\n<p>En el encuentro, el cofundador del C\u00e1rtel de Sinaloa revel\u00f3 que tambi\u00e9n esperaba a Iv\u00e1n Guzm\u00e1n Salazar, l\u00edder de \u201cLos Chapitos\u201d, aparte de H\u00e9ctor Cuen, quien fue asesinado ese mismo d\u00eda, y del gobernador Rocha Moya.<\/p>\n\n\n\n<p>Por ello, decidi\u00f3 asistir el pasado 25 de julio al rancho y centro de eventos \u201cHuertos del Pedregal\u201d, en las afueras de Culiac\u00e1n, donde se llevar\u00eda a cabo dicha reuni\u00f3n, la cual estaba programada a las 11 de la ma\u00f1ana.&nbsp;<\/p>\n\n\n\n<p>Sin embargo, fue secuestrado y porsteriormente entregado a las autoridades de Estados Unidos cuando Joaqu\u00edn Guzm\u00e1n L\u00f3pez le pidi\u00f3 que lo siguiera.<\/p>\n\n\n\n<p>Durante la inauguraci\u00f3n del Hospital General IMSS-Bienestar en Culiac\u00e1n, Rub\u00e9n Rocha Moya desminti\u00f3 la versi\u00f3n del narcotraficante que asegura que el d\u00eda de su detenci\u00f3n en Texas, fue emboscado por el hijo de \u2018El Chapo\u2019, Joaqu\u00edn Guzm\u00e1n L\u00f3pez, bajo la mentira de que se reunir\u00eda con el gobernador del estado y el diputado electo, H\u00e9ctor Melesio Cu\u00e9n.<\/p>\n\n\n\n<p>\u00bfFUE ASESINADO?<\/p>\n\n\n\n<p>A dos d\u00edas de que Ismael \u2018Mayo\u2019 Zambada se\u00f1alara en una carta que H\u00e9ctor Melesio Cu\u00e9n Ojeda, alcalde de Culiac\u00e1n, fue asesinado la ma\u00f1ana del 25 de julio, la Fiscal\u00eda General de Justicia de Sinaloa desminti\u00f3 la versi\u00f3n del l\u00edder del C\u00e1rtel de Sinaloa.<\/p>\n\n\n\n<p>Por primera ocasi\u00f3n desde el asesinato de H\u00e9ctor Melesio Cu\u00e9n Ojeda, la Fiscal\u00eda de Sinaloa mostr\u00f3 un video en el que se observa el ataque que sufri\u00f3 el alcalde en una gasolinera de Culiac\u00e1n. \u201cEs la primera vez que se muestra este video que forma parte de la carpeta de investigaci\u00f3n\u201d, asegur\u00f3 la Fiscal\u00eda.<\/p>\n\n\n\n<p>De acuerdo con el video mostrado la tarde de este 12 de agosto, las im\u00e1genes muestran los hechos de la noche de jueves 25 de julio.<\/p>\n\n\n\n<p>\u201cEs una camioneta Ford Raptor, color blanco que llega a la estaci\u00f3n de Pemex, ubicada en La Placita, al norte de la ciudad. Llega, abre la puerta del conductor y, por el lado derecho, llega una motocicleta con dos personas a bordo. Se les acerca (a la camioneta) y se van directamente contra el acompa\u00f1ante y no contra el chofer\u201d, explic\u00f3 un integrante de la Fiscal\u00eda de Sinaloa.<\/p>\n\n\n\n<p>(Informaci\u00f3n de \u201cEl Financiero\u201d)<\/p>\n","protected":false},"excerpt":{"rendered":"<p>Redacci\u00f3n\/Zona Roja Cdmx. Ciudad de M\u00e9xico, a 13 de agosto de 2024.- \u00bfEntonces s\u00ed conoce&hellip;<\/p>\n","protected":false},"author":2,"featured_media":71289,"comment_status":"closed","ping_status":"open","sticky":false,"template":"","format":"standard","meta":{"_lmt_disableupdate":"","_lmt_disable":"","_jetpack_memberships_contains_paid_content":false,"footnotes":""},"categories":[109,47],"tags":[4023],"class_list":["post-71337","post","type-post","status-publish","format-standard","has-post-thumbnail","hentry","category-minuto-a-minuto","category-zona-gris","tag-ruben-rocha-moya"],"jetpack_featured_media_url":"https:\/\/zonaroja.com.mx\/wp-content\/uploads\/2024\/08\/Ruben-Rocha-Moya-y-narco.webp","jetpack_sharing_enabled":true,"_links":{"self":[{"href":"https:\/\/zonaroja.com.mx\/index.php?rest_route=\/wp\/v2\/posts\/71337","targetHints":{"allow":["GET"]}}],"collection":[{"href":"https:\/\/zonaroja.com.mx\/index.php?rest_route=\/wp\/v2\/posts"}],"about":[{"href":"https:\/\/zonaroja.com.mx\/index.php?rest_route=\/wp\/v2\/types\/post"}],"author":[{"embeddable":true,"href":"https:\/\/zonaroja.com.mx\/index.php?rest_route=\/wp\/v2\/users\/2"}],"replies":[{"embeddable":true,"href":"https:\/\/zonaroja.com.mx\/index.php?rest_route=%2Fwp%2Fv2%2Fcomments&post=71337"}],"version-history":[{"count":1,"href":"https:\/\/zonaroja.com.mx\/index.php?rest_route=\/wp\/v2\/posts\/71337\/revisions"}],"predecessor-version":[{"id":71338,"href":"https:\/\/zonaroja.com.mx\/index.php?rest_route=\/wp\/v2\/posts\/71337\/revisions\/71338"}],"wp:featuredmedia":[{"embeddable":true,"href":"https:\/\/zonaroja.com.mx\/index.php?rest_route=\/wp\/v2\/media\/71289"}],"wp:attachment":[{"href":"https:\/\/zonaroja.com.mx\/index.php?rest_route=%2Fwp%2Fv2%2Fmedia&parent=71337"}],"wp:term":[{"taxonomy":"category","embeddable":true,"href":"https:\/\/zonaroja.com.mx\/index.php?rest_route=%2Fwp%2Fv2%2Fcategories&post=71337"},{"taxonomy":"post_tag","embeddable":true,"href":"https:\/\/zonaroja.com.mx\/index.php?rest_route=%2Fwp%2Fv2%2Ftags&post=71337"}],"curies":[{"name":"wp","href":"https:\/\/api.w.org\/{rel}","templated":true}]}}