{"id":71339,"date":"2024-08-13T07:46:42","date_gmt":"2024-08-13T13:46:42","guid":{"rendered":"https:\/\/zonaroja.com.mx\/?p=71339"},"modified":"2024-08-13T07:46:44","modified_gmt":"2024-08-13T13:46:44","slug":"sobrevivio-a-un-accidente-y-sigue-laborando-como-policia-vial","status":"publish","type":"post","link":"https:\/\/zonaroja.com.mx\/?p=71339","title":{"rendered":"Sobrevivi\u00f3 a un accidente y sigue laborando como Polic\u00eda Vial"},"content":{"rendered":"\n<p>Ismael Garc\u00eda M.\/Zona Roja.<\/p>\n\n\n\n<p>Oaxaca de Ju\u00e1rez, Oax., a 13 de agosto de 2024.- Conmovida hasta las l\u00e1grimas, Patricia Mart\u00ednez recibi\u00f3 ayer con orgullo un reconocimiento por 20 a\u00f1os de servicio en la Polic\u00eda Vial de Oaxaca de Ju\u00e1rez.<\/p>\n\n\n\n<p>Hace cinco a\u00f1os, durante un operativo y transitando por la carretera del cerro del \u201cFort\u00edn\u201d, sufri\u00f3 un accidente vial al ser impactada por un veh\u00edculo, lo cual la mantuvo un a\u00f1o fuera de servicio y sin poder caminar.<\/p>\n\n\n\n<p>Ayer, en el marco de la conmemoraci\u00f3n por el 34 aniversario de la creaci\u00f3n de la Polic\u00eda Municipal, Patricia pas\u00f3 al estrado a recibir su reconocimiento, apoyada por un bast\u00f3n.&nbsp;<\/p>\n\n\n\n<p>Entre l\u00e1grimas agradeci\u00f3 el respaldo institucional y tambi\u00e9n la alegr\u00eda de seguir sirviendo a la sociedad, ahora desde la guardia en el \u00e1rea operativa.<\/p>\n\n\n\n<p>Recomienda a sus compa\u00f1eros a mantener la vocaci\u00f3n de servicio y sobre todo paciencia, ante la intolerancia de muchos conductores de unidades de motor ante el tr\u00e1fico vehicular.<\/p>\n\n\n\n<p>LA CELEBRACI\u00d3N<\/p>\n\n\n\n<p>Este lunes en la Plaza de la Danza de la capital, el ayuntamiento de Oaxaca de Ju\u00e1rez entreg\u00f3 reconocimientos y est\u00edmulos econ\u00f3micos a elementos que han realizado una labor destacada durante los \u00faltimos seis meses y a elementos con m\u00e1s de 20 a\u00f1os ininterrumpidos de servicio.<\/p>\n\n\n\n<figure class=\"wp-block-embed is-type-rich is-provider-twitter wp-block-embed-twitter\"><div class=\"wp-block-embed__wrapper\">\n<div class=\"twitter-tweet\"><blockquote class=\"twitter-tweet\" data-lang=\"es\"><p lang=\"es\" dir=\"ltr\">3. Conmovida hasta las l\u00e1grimas, la agente vial del <a href=\"https:\/\/twitter.com\/MunicipioOaxaca?ref_src=twsrc%5Etfw\">@MunicipioOaxaca<\/a>, Patricia Mart\u00ednez, al ser reconocida hoy por 20 a\u00f1os de servicio. <br><br>Pero m\u00e1s por sobrevivir a un accidente durante el desempe\u00f1o de sus labores, la cual la dej\u00f3 un a\u00f1o sin poder caminar. <br><br>Hoy, sigue laborando\u2026 <a href=\"https:\/\/t.co\/mmnGw96mNv\">pic.twitter.com\/mmnGw96mNv<\/a><\/p>&mdash; Zona Roja Oaxaca (@ZonaRoja_Oaxaca) <a href=\"https:\/\/twitter.com\/ZonaRoja_Oaxaca\/status\/1823200199352717542?ref_src=twsrc%5Etfw\">13 de agosto de 2024<\/a><\/blockquote><\/div>\n<\/div><\/figure>\n\n\n\n<p>En representaci\u00f3n del presidente municipal, Francisco Mart\u00ednez Neri, la regidora de Seguridad Ciudadana y Movilidad y Agencias y Colonias, Claudia Tapia Nolasco, resalt\u00f3 el alto sentido de profesionalismo de quienes conforman la corporaci\u00f3n, que enmarca el modelo de ciudad educadora como eje transversal del gobierno municipal.&nbsp;<\/p>\n\n\n\n<p>\u201cEn esta administraci\u00f3n no tenemos duda de que nuestra corporaci\u00f3n seguir\u00e1 siendo garante de los principios de honestidad, honorabilidad, cuidado de los Derechos Humanos de la ciudadan\u00eda y los exhortamos a seguir sirviendo con vocaci\u00f3n\u201d, subray\u00f3 Tapia Nolasco junto al titular de la Secretar\u00eda de Seguridad Ciudadana, Movilidad y Protecci\u00f3n Civil, Ra\u00fal \u00c1vila Ibarra. &nbsp;<\/p>\n\n\n\n<p>Con la asistencia de Donato L\u00f3pez S\u00e1nchez, Director General del Centro Estatal de Evaluaci\u00f3n &nbsp;y Control de Confianza del Secretariado Ejecutivo del Sistema Estatal de Seguridad P\u00fablica, la regidora resalt\u00f3 que en la presente administraci\u00f3n municipal y con el respaldo de la ciudadan\u00eda, se crearon las Comisiones Auxiliares de Seguridad en barrios, agencias y colonias del municipio capitalino.&nbsp;<\/p>\n\n\n\n<p>Con el lema \u201cProteger y servir a la comunidad\u201d la corporaci\u00f3n policiaca de la capital celebra su 34 aniversario y refrenda su misi\u00f3n de brindar seguridad a la poblaci\u00f3n en un marco de respeto a los derechos humanos y con la m\u00e1s alta vocaci\u00f3n de lealtad y compromiso con la instituci\u00f3n policial.&nbsp;<\/p>\n\n\n\n<p>Con estas acciones, el ayuntamiento de Oaxaca de Ju\u00e1rez pondera la protecci\u00f3n de la ciudadan\u00eda a trav\u00e9s del trabajo diario que realizan las y los elementos policiales, en apego a los principios de proteger y servir con un alto nivel de vocaci\u00f3n.&nbsp;<\/p>\n\n\n\n<p>En el evento estuvieron presentes Nancy Belem Mota, S\u00edndica Primera; Judith Carre\u00f1o Hern\u00e1ndez, regidora de Hacienda Municipal y de Transparencia y Gobierno Abierto; el Teniente Coronel de Infanter\u00eda, Ernesto Murrieta Vergara; Edith Elena Rodr\u00edguez Escobar, secretaria Municipal; Rodolfo Brena, director de Protecci\u00f3n Civil Municipal; Pedro Sosa Guti\u00e9rrez, Jefe de la Unidad Jur\u00eddica de la polic\u00eda municipal; y el sub Oficial Taurino L\u00f3pez, director de Proximidad Social.<\/p>\n","protected":false},"excerpt":{"rendered":"<p>Ismael Garc\u00eda M.\/Zona Roja. Oaxaca de Ju\u00e1rez, Oax., a 13 de agosto de 2024.- Conmovida&hellip;<\/p>\n","protected":false},"author":2,"featured_media":71340,"comment_status":"closed","ping_status":"open","sticky":false,"template":"","format":"standard","meta":{"_lmt_disableupdate":"","_lmt_disable":"","_jetpack_memberships_contains_paid_content":false,"footnotes":""},"categories":[109,46],"tags":[148],"class_list":["post-71339","post","type-post","status-publish","format-standard","has-post-thumbnail","hentry","category-minuto-a-minuto","category-zona-blanca","tag-oaxaca-de-juarez"],"jetpack_featured_media_url":"https:\/\/zonaroja.com.mx\/wp-content\/uploads\/2024\/08\/Patricia-Martinez-policia-municipal.jpg","jetpack_sharing_enabled":true,"_links":{"self":[{"href":"https:\/\/zonaroja.com.mx\/index.php?rest_route=\/wp\/v2\/posts\/71339","targetHints":{"allow":["GET"]}}],"collection":[{"href":"https:\/\/zonaroja.com.mx\/index.php?rest_route=\/wp\/v2\/posts"}],"about":[{"href":"https:\/\/zonaroja.com.mx\/index.php?rest_route=\/wp\/v2\/types\/post"}],"author":[{"embeddable":true,"href":"https:\/\/zonaroja.com.mx\/index.php?rest_route=\/wp\/v2\/users\/2"}],"replies":[{"embeddable":true,"href":"https:\/\/zonaroja.com.mx\/index.php?rest_route=%2Fwp%2Fv2%2Fcomments&post=71339"}],"version-history":[{"count":1,"href":"https:\/\/zonaroja.com.mx\/index.php?rest_route=\/wp\/v2\/posts\/71339\/revisions"}],"predecessor-version":[{"id":71341,"href":"https:\/\/zonaroja.com.mx\/index.php?rest_route=\/wp\/v2\/posts\/71339\/revisions\/71341"}],"wp:featuredmedia":[{"embeddable":true,"href":"https:\/\/zonaroja.com.mx\/index.php?rest_route=\/wp\/v2\/media\/71340"}],"wp:attachment":[{"href":"https:\/\/zonaroja.com.mx\/index.php?rest_route=%2Fwp%2Fv2%2Fmedia&parent=71339"}],"wp:term":[{"taxonomy":"category","embeddable":true,"href":"https:\/\/zonaroja.com.mx\/index.php?rest_route=%2Fwp%2Fv2%2Fcategories&post=71339"},{"taxonomy":"post_tag","embeddable":true,"href":"https:\/\/zonaroja.com.mx\/index.php?rest_route=%2Fwp%2Fv2%2Ftags&post=71339"}],"curies":[{"name":"wp","href":"https:\/\/api.w.org\/{rel}","templated":true}]}}