{"id":71342,"date":"2024-08-13T12:52:00","date_gmt":"2024-08-13T18:52:00","guid":{"rendered":"https:\/\/zonaroja.com.mx\/?p=71342"},"modified":"2024-08-13T07:52:53","modified_gmt":"2024-08-13T13:52:53","slug":"opinion-un-ex-rector-mafioso","status":"publish","type":"post","link":"https:\/\/zonaroja.com.mx\/?p=71342","title":{"rendered":"Opini\u00f3n. Un ex rector mafioso"},"content":{"rendered":"\n<p>Isidoro Yescas*<\/p>\n\n\n\n<p>La revelaci\u00f3n del \u201cMayo\u201d Zambada sobre su papel de \u201cmediador\u201d entre el gobernador de Sinaloa, Rub\u00e9n Rocha&nbsp;Moya,&nbsp;y quien fuera rector de la Universidad Aut\u00f3noma de Sinaloa (UAS) H\u00e9ctor Melesio Cu\u00e9nOjeda,&nbsp;para que ambos personajes dirimieran sus diferencias derivadas del &nbsp;control pol\u00edtico de dicha instituci\u00f3n de educaci\u00f3n superior, ameritar\u00eda, por principio, una investigaci\u00f3n a fondo de parte de&nbsp;las autoridades judiciales y educativas a nivel federal sobre lo que viene ocurriendo&nbsp;en esta Casa de Estudios, bajo control del Partido Sinaloense (PAS).<\/p>\n\n\n\n<p>No es cosa menor y, al contrario, es un hecho sumamente grave, que una instituci\u00f3n p\u00fablica como la UAS se hubiese convertido&nbsp;en el coto de un partido pol\u00edtico cuyo&nbsp;fundador y l\u00edder moral&nbsp;creci\u00f3 pol\u00edticamente al amparo del C\u00e1rtel de Sinaloa y bajo la cobertura legal de partidos pol\u00edticos nacionales y de su propio partido, el PAS.<\/p>\n\n\n\n<p>Originario de Badiraguato, la misma tierra del \u201cChapo\u201d Guzm\u00e1n, el extinto H\u00e9ctor Melesio&nbsp;Cu\u00e9n&nbsp;estudi\u00f3&nbsp;la carrera de Qu\u00edmico-Bi\u00f3logo en la UAS en donde&nbsp;fue docente y &nbsp;ocup\u00f3 diversos cargos administrativos antes de alcanzar la rector\u00eda en el a\u00f1o 2005.<\/p>\n\n\n\n<p>El cargo de rector le result\u00f3 muy \u00fatil desde entonces para tomar el control pol\u00edtico-administrativo &nbsp;de&nbsp;esta Casa de Estudios&nbsp;instaurando as\u00ed un cacicazgo&nbsp;que tres a\u00f1os despu\u00e9s de dejar la rector\u00eda le sirvi\u00f3 para impulsar la formaci\u00f3n del PAS&nbsp;con un padr\u00f3n de militantes y simpatizantes reclutados fundamentalmente de la Universidad.&nbsp;&nbsp;<\/p>\n\n\n\n<p>A trav\u00e9s del PAS, Cu\u00e9n teji\u00f3 alianzas con el PAN,&nbsp;PRI, &nbsp;PRD&nbsp;y&nbsp;Movimiento Ciudadano&nbsp;para ocupar diversos cargos de elecci\u00f3n popular y buscar, sin lograrlo,&nbsp;la gubernatura de su estado.&nbsp;<\/p>\n\n\n\n<p>Se ignora en qu\u00e9 momento de su carrera pol\u00edtica estableci\u00f3 v\u00ednculos con&nbsp;el crimen organizado y, de manera espec\u00edfica, con&nbsp;Ismael,&nbsp;el&nbsp;\u201cMayo\u201d Zambada. Lo que s\u00ed es un hecho es que en la elecci\u00f3n de gobernador de Sinaloa&nbsp;( 2021) apoy\u00f3 la candidatura del morenista Rub\u00e9n Rocha Moya y en las elecciones federales de este a\u00f1o fue electo diputado federal apoyado por los partidos PRI, PAN, PRD y, por supuesto, el PAS.<\/p>\n\n\n\n<p>Los desencuentros que&nbsp;posteriormente&nbsp;mantuvo&nbsp;con el gobernador Rub\u00e9n Rocha se relacionan,&nbsp;sobre todo,&nbsp;con el intento del jefe del poder ejecutivo estatal, &nbsp;(quien tambi\u00e9n &nbsp;ocupara el cargo de rector de la UAS entre 1993 y 1997&nbsp;)&nbsp;para disputarle&nbsp;el control pol\u00edtico de la UAS&nbsp;por la v\u00eda de presentar al Congreso local una iniciativa de reforma a su Ley Org\u00e1nica para instaurar el voto universal, directo y secreto.&nbsp;<\/p>\n\n\n\n<p>Y en esos pleitos andaban ambos personajes cuando este \u00faltimo fue capturado&nbsp;y&nbsp;entregado &nbsp;al&nbsp;gobierno de Estados Unidos, mientras que Melesio Cu\u00e9n&nbsp;termin\u00f3 ejecutado.&nbsp;<\/p>\n\n\n\n<p>La captura y crimen ocurri\u00f3 el 25 de julio de este a\u00f1o, el mismo d\u00eda&nbsp;que,&nbsp;de acuerdo con lo &nbsp;expresado por&nbsp;el \u201cMayo\u201d&nbsp;en una carta que circula en redes,&nbsp;se&nbsp;reunir\u00eda con el gobernador &nbsp;Rub\u00e9n Rocha y H\u00e9ctor Melesio Cu\u00e9n para \u201cayudar a resolver sus diferencias\u201d.<\/p>\n\n\n\n<p>Todo lo anterior cobra sentido para la vida universitaria si se toma en cuenta la forma en&nbsp;que&nbsp;se han conducido los asuntos pol\u00edticos de la UAS y la trayectoria de un exrector que termin\u00f3 enlodado&nbsp;y asesinado por&nbsp;&nbsp;sus arreglos mafiosos, con todo lo que pudiera significar que una figura prominente del crimen organizado reconozca que en la trampa que&nbsp;uno de los hijos de \u201cEl Chapo\u201d Guzm\u00e1n le tendiera&nbsp;el asunto a tratar ser\u00eda mediar, \u201cayudar\u201d a superar las diferencias entre el gobernador Rocha y el fallecido Melesio Cu\u00e9n, el poder tras del trono en la UAS.<\/p>\n\n\n\n<p>Lo m\u00e1s preocupante es&nbsp;que&nbsp;ante&nbsp;los m\u00faltiples conflictos pol\u00edticos que se han registrado y se registran en las universidades p\u00fablicas, ayer y hoy autoridades e instituciones educativas a nivel federal han preferido guardar silencio y no intervenir&nbsp;bajo el argumento pueril de&nbsp;\u201cno violar la autonom\u00eda universitaria\u201d.&nbsp;<\/p>\n\n\n\n<p>Y esos vac\u00edos institucionales terminan por ser ocupados por los poderes f\u00e1cticos como es el caso que se comenta.&nbsp;<\/p>\n\n\n\n<p>Si ayer&nbsp;y&nbsp;hoy&nbsp;el&nbsp;control pol\u00edtico de las &nbsp;&nbsp;universidades p\u00fablicas&nbsp;han sido motivo de&nbsp;constantes disputas&nbsp;de parte de&nbsp;gobiernos locales&nbsp;,&nbsp;partidos pol\u00edticos, grupos porriles y sindicatos, &nbsp;el caso de la UAS exhibe un nuevo factor de riesgo que &nbsp;es la&nbsp;injerencia&nbsp;del crimen organizado en sus asuntos internos.<\/p>\n\n\n\n<p>\u00bfQu\u00e9 sigue?<\/p>\n\n\n\n<p>*Maestro en Sociolog\u00eda.<\/p>\n","protected":false},"excerpt":{"rendered":"<p>Isidoro Yescas* La revelaci\u00f3n del \u201cMayo\u201d Zambada sobre su papel de \u201cmediador\u201d entre el gobernador&hellip;<\/p>\n","protected":false},"author":2,"featured_media":70868,"comment_status":"closed","ping_status":"open","sticky":false,"template":"","format":"standard","meta":{"_lmt_disableupdate":"","_lmt_disable":"","_jetpack_memberships_contains_paid_content":false,"footnotes":""},"categories":[456,109],"tags":[3998],"class_list":["post-71342","post","type-post","status-publish","format-standard","has-post-thumbnail","hentry","category-columna","category-minuto-a-minuto","tag-isidoro-yescas-martinez"],"jetpack_featured_media_url":"https:\/\/zonaroja.com.mx\/wp-content\/uploads\/2024\/07\/Opinion-Zona-Critica.jpg","jetpack_sharing_enabled":true,"_links":{"self":[{"href":"https:\/\/zonaroja.com.mx\/index.php?rest_route=\/wp\/v2\/posts\/71342","targetHints":{"allow":["GET"]}}],"collection":[{"href":"https:\/\/zonaroja.com.mx\/index.php?rest_route=\/wp\/v2\/posts"}],"about":[{"href":"https:\/\/zonaroja.com.mx\/index.php?rest_route=\/wp\/v2\/types\/post"}],"author":[{"embeddable":true,"href":"https:\/\/zonaroja.com.mx\/index.php?rest_route=\/wp\/v2\/users\/2"}],"replies":[{"embeddable":true,"href":"https:\/\/zonaroja.com.mx\/index.php?rest_route=%2Fwp%2Fv2%2Fcomments&post=71342"}],"version-history":[{"count":1,"href":"https:\/\/zonaroja.com.mx\/index.php?rest_route=\/wp\/v2\/posts\/71342\/revisions"}],"predecessor-version":[{"id":71343,"href":"https:\/\/zonaroja.com.mx\/index.php?rest_route=\/wp\/v2\/posts\/71342\/revisions\/71343"}],"wp:featuredmedia":[{"embeddable":true,"href":"https:\/\/zonaroja.com.mx\/index.php?rest_route=\/wp\/v2\/media\/70868"}],"wp:attachment":[{"href":"https:\/\/zonaroja.com.mx\/index.php?rest_route=%2Fwp%2Fv2%2Fmedia&parent=71342"}],"wp:term":[{"taxonomy":"category","embeddable":true,"href":"https:\/\/zonaroja.com.mx\/index.php?rest_route=%2Fwp%2Fv2%2Fcategories&post=71342"},{"taxonomy":"post_tag","embeddable":true,"href":"https:\/\/zonaroja.com.mx\/index.php?rest_route=%2Fwp%2Fv2%2Ftags&post=71342"}],"curies":[{"name":"wp","href":"https:\/\/api.w.org\/{rel}","templated":true}]}}