{"id":71344,"date":"2024-08-13T09:30:00","date_gmt":"2024-08-13T15:30:00","guid":{"rendered":"https:\/\/zonaroja.com.mx\/?p=71344"},"modified":"2024-08-13T08:14:38","modified_gmt":"2024-08-13T14:14:38","slug":"aumenta-a-2500-caravana-de-migrantes-en-oaxaca","status":"publish","type":"post","link":"https:\/\/zonaroja.com.mx\/?p=71344","title":{"rendered":"Aumenta a 2,500 caravana de migrantes en Oaxaca"},"content":{"rendered":"\n<p>Raymundo Morales\/Zona Roja.<\/p>\n\n\n\n<p>Oaxaca de Ju\u00e1rez, Oax., a 13 de agosto de 2024.- Sin definir a\u00fan su ruta para continuar rumbo a los Estados Unidos de Norteam\u00e9rica, la caravana de migrantes \u201cJesucristo\u201d se encuentra en Juchit\u00e1n de Zaragoza y ha aumentado a dos mil 485 personas.<\/p>\n\n\n\n<p>Est\u00e1 compuesta por 625 mujeres, mil 380 varones y 426 menores de edad que, de acuerdo con el Gobierno del Estado, cuentan con las atenciones necesarias; la semana pasada, a su ingreso a Oaxaca, provenientes de Arriaga, Chiapas, se compon\u00eda de alrededor de dos mil personas.<\/p>\n\n\n\n<p>De acuerdo con el secretario de Gobierno, Jes\u00fas Romero L\u00f3pez, la preocupaci\u00f3n principal son las ni\u00f1as, los ni\u00f1os y los adolescentes, ante la vulnerabilidad que representan.<\/p>\n\n\n\n<p>Hasta ayer, hab\u00edan caminado 141 kil\u00f3metros y al momento se desconoce la ruta que tomar\u00e1n para continuar su trayecto; lo deseable, indic\u00f3 el funcionario, ser\u00eda con rumbo a Mat\u00edas Romero y hacia Veracruz.<\/p>\n\n\n\n<p>Indic\u00f3 que correr\u00edan m\u00e1s riesgos, debido a las condiciones de vialidad, si deciden transitar por la v\u00eda federal 200 rumbo a la Costa, o por la carretera 190 con ruta hacia los Valles Centrales.<\/p>\n\n\n\n<p>En la conferencia matutina de ayer, indic\u00f3 que por instrucciones del gobernador Salom\u00f3n Jara Cruz, se les brindan todas las atenciones necesarias, a trav\u00e9s de diversas instancias, entre ellas el DIF estatal y autoridades federales y municipales.<\/p>\n\n\n\n<p>Entre otros, se han brindado consultas m\u00e9dicas, curaciones e inyecciones a 88 personas; medicamentos a 37 personas; asistencia con kits alimentarios, aguas y sueros a 111 personas.<\/p>\n\n\n\n<p>Fue el pasado 10 de mayo en que una caravana de alrededor de 600 migrantes centroamericanos arrib\u00f3 a la capital de Oaxaca, proveniente de carreteras de la Costa y la Sierra Sur, donde pernoct\u00f3 por dos d\u00edas y despu\u00e9s continu\u00f3 su viaje, con apoyo de autobuses por parte de las autoridades.<\/p>\n","protected":false},"excerpt":{"rendered":"<p>Raymundo Morales\/Zona Roja. Oaxaca de Ju\u00e1rez, Oax., a 13 de agosto de 2024.- Sin definir&hellip;<\/p>\n","protected":false},"author":2,"featured_media":65705,"comment_status":"closed","ping_status":"open","sticky":false,"template":"","format":"standard","meta":{"_lmt_disableupdate":"","_lmt_disable":"","_jetpack_memberships_contains_paid_content":false,"footnotes":""},"categories":[109,46],"tags":[3641],"class_list":["post-71344","post","type-post","status-publish","format-standard","has-post-thumbnail","hentry","category-minuto-a-minuto","category-zona-blanca","tag-migrantes-en-oaxaca"],"jetpack_featured_media_url":"https:\/\/zonaroja.com.mx\/wp-content\/uploads\/2024\/02\/Migrantes-migracion.jpg","jetpack_sharing_enabled":true,"_links":{"self":[{"href":"https:\/\/zonaroja.com.mx\/index.php?rest_route=\/wp\/v2\/posts\/71344","targetHints":{"allow":["GET"]}}],"collection":[{"href":"https:\/\/zonaroja.com.mx\/index.php?rest_route=\/wp\/v2\/posts"}],"about":[{"href":"https:\/\/zonaroja.com.mx\/index.php?rest_route=\/wp\/v2\/types\/post"}],"author":[{"embeddable":true,"href":"https:\/\/zonaroja.com.mx\/index.php?rest_route=\/wp\/v2\/users\/2"}],"replies":[{"embeddable":true,"href":"https:\/\/zonaroja.com.mx\/index.php?rest_route=%2Fwp%2Fv2%2Fcomments&post=71344"}],"version-history":[{"count":1,"href":"https:\/\/zonaroja.com.mx\/index.php?rest_route=\/wp\/v2\/posts\/71344\/revisions"}],"predecessor-version":[{"id":71345,"href":"https:\/\/zonaroja.com.mx\/index.php?rest_route=\/wp\/v2\/posts\/71344\/revisions\/71345"}],"wp:featuredmedia":[{"embeddable":true,"href":"https:\/\/zonaroja.com.mx\/index.php?rest_route=\/wp\/v2\/media\/65705"}],"wp:attachment":[{"href":"https:\/\/zonaroja.com.mx\/index.php?rest_route=%2Fwp%2Fv2%2Fmedia&parent=71344"}],"wp:term":[{"taxonomy":"category","embeddable":true,"href":"https:\/\/zonaroja.com.mx\/index.php?rest_route=%2Fwp%2Fv2%2Fcategories&post=71344"},{"taxonomy":"post_tag","embeddable":true,"href":"https:\/\/zonaroja.com.mx\/index.php?rest_route=%2Fwp%2Fv2%2Ftags&post=71344"}],"curies":[{"name":"wp","href":"https:\/\/api.w.org\/{rel}","templated":true}]}}