{"id":71346,"date":"2024-08-13T10:30:00","date_gmt":"2024-08-13T16:30:00","guid":{"rendered":"https:\/\/zonaroja.com.mx\/?p=71346"},"modified":"2024-08-13T08:17:57","modified_gmt":"2024-08-13T14:17:57","slug":"creciente-ola-criminal-en-guerrero-y-ahora-amenazan-a-reporteros","status":"publish","type":"post","link":"https:\/\/zonaroja.com.mx\/?p=71346","title":{"rendered":"Creciente ola criminal en Guerrero\u2026 y ahora amenazan a reporteros"},"content":{"rendered":"\n<p>Redacci\u00f3n\/Zona Roja Cdmx. Foto: Aristegui Noticias<\/p>\n\n\n\n<p>Ciudad de M\u00e9xico, a 13 de agosto de 2024.- La Asociaci\u00f3n de Reporteros de Informaci\u00f3n Polic\u00edaca en Guerrero (ARIPG), denunci\u00f3 que funcionarios del gobierno estatal obstruyen su labor informativa en la fuente de la \u201cnota roja\u201d.<\/p>\n\n\n\n<p>La ARIPG difundi\u00f3 anoche un comunicado en donde hizo un llamado a \u201clas autoridades municipales, estatales y federales para garantizar el libre ejercicio period\u00edstico y atender situaciones que podr\u00edan implicar un alto riesgo para quienes diariamente acudimos a dar cobertura a los sucesos de la nota policiaca\u201d.<\/p>\n\n\n\n<p>Manifestaron que, desde hace algunas semanas, \u201cun individuo cuya identidad desconocemos, ha llegado a los lugares de los hechos y ha interrumpido nuestras coberturas de nota roja en Chilpancingo\u201d.<\/p>\n\n\n\n<p>Reclamaron que \u201cmientras nosotros hacemos nuestro trabajo, intimidatoriamente y sin presentarse ni dar mayor explicaci\u00f3n, se nos acerca y advierte que est\u00e1 prohibido grabar en la zona\u201d.<\/p>\n\n\n\n<p>Denunciaron que \u201cen todas las ocasiones, el sujeto ha estado acompa\u00f1ado de otras personas y desconocemos si pertenece a alg\u00fan grupo delictivo que opera en la ciudad\u201d.<\/p>\n\n\n\n<p>Por lo tanto, concluyeron \u201c exigimos a las autoridades garant\u00edas para seguir ejerciendo nuestro trabajo period\u00edstico como lo hemos estado haciendo durante varios a\u00f1os sin meternos en problemas con nadie, pues nuestro trabajo es meramente profesional e imparcial\u201d.<\/p>\n\n\n\n<p>En tanto, Fuentes de la Fiscal\u00eda General del Estado, informaron que ayer en las inmediaciones del poblado de San Lorenzo, municipio de Coyuca de Catal\u00e1n, en la Tierra Caliente de Guerrero, fue ejecutado Kevin Arzate G\u00f3mez, alias el \u201803\u2019, o el consentido, junto cuatro integrantes de su equipo de seguridad.<\/p>\n\n\n\n<p>Se presume que Arzate G\u00f3mez, quien presuntamente se cambi\u00f3 de bando, y se adhiri\u00f3 al C\u00e1rtel Jalisco Nueva Generaci\u00f3n (CJNG) fue asesinado por integrantes de la Familia Michoacana.<\/p>\n\n\n\n<p>En tanto, al menos once personas murieron en las \u00faltimas horas; en Chilpancingo, tambi\u00e9n ayer fue ejecutada una mujer, con la cabeza cubierta, y con un balazo en la cabeza; en el poblado de La Palma, municipio de Petatl\u00e1n, en la Costa Grande de Guerrero, fue asesinado el hermano del comisario del lugar, cerca de la Base de Operaciones Mixtas. Y en Zihuatanejo, fue asesinado un marino, y una persona m\u00e1s fue decapitada; y uno m\u00e1s en Acapulco.<\/p>\n\n\n\n<p>Finalmente, esta ma\u00f1ana en Iguala, fue hallado el cuerpo sin vida de una persona ejecutada a balazos, a la altura del Puente Tinajillas.<\/p>\n\n\n\n<p>(Informaci\u00f3n de \u201cLa Jornada\u201d)<\/p>\n","protected":false},"excerpt":{"rendered":"<p>Redacci\u00f3n\/Zona Roja Cdmx. Foto: Aristegui Noticias Ciudad de M\u00e9xico, a 13 de agosto de 2024.-&hellip;<\/p>\n","protected":false},"author":2,"featured_media":71347,"comment_status":"closed","ping_status":"open","sticky":false,"template":"","format":"standard","meta":{"_lmt_disableupdate":"","_lmt_disable":"","_jetpack_memberships_contains_paid_content":false,"footnotes":""},"categories":[109,47],"tags":[3391],"class_list":["post-71346","post","type-post","status-publish","format-standard","has-post-thumbnail","hentry","category-minuto-a-minuto","category-zona-gris","tag-periodistas-guerrero"],"jetpack_featured_media_url":"https:\/\/zonaroja.com.mx\/wp-content\/uploads\/2024\/08\/Periodistas-Guerrero-protesta.jpg","jetpack_sharing_enabled":true,"_links":{"self":[{"href":"https:\/\/zonaroja.com.mx\/index.php?rest_route=\/wp\/v2\/posts\/71346","targetHints":{"allow":["GET"]}}],"collection":[{"href":"https:\/\/zonaroja.com.mx\/index.php?rest_route=\/wp\/v2\/posts"}],"about":[{"href":"https:\/\/zonaroja.com.mx\/index.php?rest_route=\/wp\/v2\/types\/post"}],"author":[{"embeddable":true,"href":"https:\/\/zonaroja.com.mx\/index.php?rest_route=\/wp\/v2\/users\/2"}],"replies":[{"embeddable":true,"href":"https:\/\/zonaroja.com.mx\/index.php?rest_route=%2Fwp%2Fv2%2Fcomments&post=71346"}],"version-history":[{"count":1,"href":"https:\/\/zonaroja.com.mx\/index.php?rest_route=\/wp\/v2\/posts\/71346\/revisions"}],"predecessor-version":[{"id":71348,"href":"https:\/\/zonaroja.com.mx\/index.php?rest_route=\/wp\/v2\/posts\/71346\/revisions\/71348"}],"wp:featuredmedia":[{"embeddable":true,"href":"https:\/\/zonaroja.com.mx\/index.php?rest_route=\/wp\/v2\/media\/71347"}],"wp:attachment":[{"href":"https:\/\/zonaroja.com.mx\/index.php?rest_route=%2Fwp%2Fv2%2Fmedia&parent=71346"}],"wp:term":[{"taxonomy":"category","embeddable":true,"href":"https:\/\/zonaroja.com.mx\/index.php?rest_route=%2Fwp%2Fv2%2Fcategories&post=71346"},{"taxonomy":"post_tag","embeddable":true,"href":"https:\/\/zonaroja.com.mx\/index.php?rest_route=%2Fwp%2Fv2%2Ftags&post=71346"}],"curies":[{"name":"wp","href":"https:\/\/api.w.org\/{rel}","templated":true}]}}