{"id":71352,"date":"2024-08-13T18:48:52","date_gmt":"2024-08-14T00:48:52","guid":{"rendered":"https:\/\/zonaroja.com.mx\/?p=71352"},"modified":"2024-08-13T18:48:54","modified_gmt":"2024-08-14T00:48:54","slug":"otra-vez-tehuantepec-asesinan-a-balazos-a-un-individuo","status":"publish","type":"post","link":"https:\/\/zonaroja.com.mx\/?p=71352","title":{"rendered":"Otra vez Tehuantepec: asesinan a balazos a un individuo\u00a0"},"content":{"rendered":"\n<p>Raymundo Morales\/Zona Roja.<\/p>\n\n\n\n<p>Oaxaca de Ju\u00e1rez, Oax., a 13 de agosto de 2024.- Un nuevo hecho de violencia se registr\u00f3 hoy en Santo Domingo Tehuantepec, con el asesinato a balazos de una persona del sexo masculino.<\/p>\n\n\n\n<p>El ataque ocurri\u00f3 esta tarde en una vialidad del barrio Vixhana, donde sujetos armados acribillaron a quien fue identificado posteriormente como No\u00e9 R. M., conocido como \u201cEl Charrito\u201d.<\/p>\n\n\n\n<p>Sus familiares arribaron antes que las corporaciones policiacas y levantaron el cuerpo para trasladarlo a una cl\u00ednica local, donde horas despu\u00e9s perdi\u00f3 la vida a causa de la gravedad de las lesiones.<\/p>\n\n\n\n<p>Apenas el pasado domingo se registr\u00f3 un ataque a balazos en contra de un individuo, que fue trasladado a un nosocomio para recibir atenci\u00f3n m\u00e9dica.<\/p>\n\n\n\n<p>Tambi\u00e9n el pasado domingo en el exterior de la escuela primaria \u201cJuana C. Romero\u201d fue localizada una supuesta \u201cnarcomanta\u201d, en que se denunciaba y amenazaba a un integrante de las Fuerzas Especiales de Reacci\u00f3n Inmediata (FERI).<\/p>\n\n\n\n<p>EN LA MIXTECA<\/p>\n\n\n\n<p>Por otra parte, este lunes fue asesinado a balazos un joven en la regi\u00f3n Mixteca del estado de Oaxaca.<\/p>\n\n\n\n<p>Fue en un tramo de la carretera de San Lorenzo Vista Hermosa hacia Santa Catarina Estancia, municipio de Santiago Ayuquililla, en que acribillaron a quien fue identificado como Elmer G. H., de 18 a\u00f1os de edad.<\/p>\n\n\n\n<p>Al parecer la hoy v\u00edctima acud\u00eda a una fiesta popular a la comunidad de San Lorenzo, junto con sus amigos, cuando fue ultimado; hasta el momento no hay reporte de personas detenidas.<\/p>\n","protected":false},"excerpt":{"rendered":"<p>Raymundo Morales\/Zona Roja. Oaxaca de Ju\u00e1rez, Oax., a 13 de agosto de 2024.- Un nuevo&hellip;<\/p>\n","protected":false},"author":2,"featured_media":68049,"comment_status":"closed","ping_status":"open","sticky":false,"template":"","format":"standard","meta":{"_lmt_disableupdate":"","_lmt_disable":"","_jetpack_memberships_contains_paid_content":false,"footnotes":""},"categories":[109,51],"tags":[533],"class_list":["post-71352","post","type-post","status-publish","format-standard","has-post-thumbnail","hentry","category-minuto-a-minuto","category-zona-roja","tag-asesinado-en-tehuantepec"],"jetpack_featured_media_url":"https:\/\/zonaroja.com.mx\/wp-content\/uploads\/2024\/05\/Policia-escena-del-crimen-homicidio.jpg","jetpack_sharing_enabled":true,"_links":{"self":[{"href":"https:\/\/zonaroja.com.mx\/index.php?rest_route=\/wp\/v2\/posts\/71352","targetHints":{"allow":["GET"]}}],"collection":[{"href":"https:\/\/zonaroja.com.mx\/index.php?rest_route=\/wp\/v2\/posts"}],"about":[{"href":"https:\/\/zonaroja.com.mx\/index.php?rest_route=\/wp\/v2\/types\/post"}],"author":[{"embeddable":true,"href":"https:\/\/zonaroja.com.mx\/index.php?rest_route=\/wp\/v2\/users\/2"}],"replies":[{"embeddable":true,"href":"https:\/\/zonaroja.com.mx\/index.php?rest_route=%2Fwp%2Fv2%2Fcomments&post=71352"}],"version-history":[{"count":1,"href":"https:\/\/zonaroja.com.mx\/index.php?rest_route=\/wp\/v2\/posts\/71352\/revisions"}],"predecessor-version":[{"id":71353,"href":"https:\/\/zonaroja.com.mx\/index.php?rest_route=\/wp\/v2\/posts\/71352\/revisions\/71353"}],"wp:featuredmedia":[{"embeddable":true,"href":"https:\/\/zonaroja.com.mx\/index.php?rest_route=\/wp\/v2\/media\/68049"}],"wp:attachment":[{"href":"https:\/\/zonaroja.com.mx\/index.php?rest_route=%2Fwp%2Fv2%2Fmedia&parent=71352"}],"wp:term":[{"taxonomy":"category","embeddable":true,"href":"https:\/\/zonaroja.com.mx\/index.php?rest_route=%2Fwp%2Fv2%2Fcategories&post=71352"},{"taxonomy":"post_tag","embeddable":true,"href":"https:\/\/zonaroja.com.mx\/index.php?rest_route=%2Fwp%2Fv2%2Ftags&post=71352"}],"curies":[{"name":"wp","href":"https:\/\/api.w.org\/{rel}","templated":true}]}}