{"id":71354,"date":"2024-08-13T20:19:20","date_gmt":"2024-08-14T02:19:20","guid":{"rendered":"https:\/\/zonaroja.com.mx\/?p=71354"},"modified":"2024-08-13T20:19:21","modified_gmt":"2024-08-14T02:19:21","slug":"abre-el-congreso-convocatoria-para-el-premio-estatal-rodolfo-morales","status":"publish","type":"post","link":"https:\/\/zonaroja.com.mx\/?p=71354","title":{"rendered":"Abre el Congreso convocatoria para el premio estatal \u201cRodolfo Morales\u201d"},"content":{"rendered":"\n<p>Redacci\u00f3n\/Zona Roja.<\/p>\n\n\n\n<p>Oaxaca de Ju\u00e1rez, Oax., a 13 de agosto de 2024.- El Congreso de Oaxaca convoca a postular a personas o asociaciones que contribuyen al desarrollo de la cultural en el estado, para participar por el premio estatal al m\u00e9rito art\u00edstico \u201cRodolfo Morales\u201d.<\/p>\n\n\n\n<p>La convocatoria emitida por la Comisi\u00f3n Permanente de Culturas, Artes, Juventud, Cultura F\u00edsica y Deporte, establece que las y los aspirantes a la obtenci\u00f3n del galard\u00f3n ser\u00e1n propuestas y propuestos por una tercera persona.<\/p>\n\n\n\n<p>Podr\u00e1n ser registradas o registrados en las categor\u00edas de pintores o en la de artistas pl\u00e1sticos, debiendo acreditar una trayectoria en la que por su obra destaquen o generen un aporte a este rubro cultural; ninguno se podr\u00e1 proponer por s\u00ed mismo.<\/p>\n\n\n\n<p>En la solicitud de registro del participante, deber\u00e1 anexarse una carta de postulaci\u00f3n, que contendr\u00e1 el nombre del o la aspirante, ya sea persona f\u00edsica o moral; tener ciudadan\u00eda oaxaque\u00f1a, especificar la categor\u00eda en la que participa.<\/p>\n\n\n\n<p>Adem\u00e1s, deber\u00e1 agregar ficha bibliogr\u00e1fica, su trayectoria en orden cronol\u00f3gico, resaltar obras o proyectos de relevancia dentro de su experiencia, las actividades que realiza al desarrollo de la cultura en Oaxaca, as\u00ed como los programas, proyectos y acciones realizadas que acreditan su trabajo en el que por su obra destaquen o generen un aporte a este sector cultural.<\/p>\n\n\n\n<p>Las propuestas con la documentaci\u00f3n completa solicitada, ser\u00e1n recibidas de manera f\u00edsica y electr\u00f3nica en formato pdf, en la oficina de la presidencia de la Comisi\u00f3n Permanente de Culturas, Artes, Juventud, Cultura F\u00edsica y Deporte, ubicada en el primer nivel del edificio de Diputados del Congreso local y al correo electr\u00f3nico: comisionculturaartesjuventudcf@gmail.com<\/p>\n\n\n\n<p>El registro est\u00e1 abierto de lunes a viernes, en un horario de 10:00 a 15:00 horas, y cierra el 18 de agosto del a\u00f1o en curso. &nbsp;<\/p>\n\n\n\n<p>Al participante ganador o ganadora se le otorgar\u00e1 un reconocimiento que consistir\u00e1 en una presea y diploma por su destacada obra.<\/p>\n\n\n\n<p>El fallo del jurado calificador se dar\u00e1 a conocer por comunicaci\u00f3n personal a las y\/o los ganadores el 22 de agosto de 2024, en el medio que haya se\u00f1alado; y el acto de premiaci\u00f3n ser\u00e1 el 28 de este mes durante una sesi\u00f3n de homenaje en memoria del pintor oaxaque\u00f1o Rodolfo Morales.<\/p>\n\n\n\n<p>El prop\u00f3sito de este premio estatal es el de reconocer a las y los pintores oaxaque\u00f1os y a quienes se dedican a las artes pl\u00e1sticas, que por su obra destaquen o generen un aporte a este \u00e1mbito cultural de Oaxaca.<\/p>\n","protected":false},"excerpt":{"rendered":"<p>Redacci\u00f3n\/Zona Roja. Oaxaca de Ju\u00e1rez, Oax., a 13 de agosto de 2024.- El Congreso de&hellip;<\/p>\n","protected":false},"author":2,"featured_media":71355,"comment_status":"closed","ping_status":"open","sticky":false,"template":"","format":"standard","meta":{"_lmt_disableupdate":"","_lmt_disable":"","_jetpack_memberships_contains_paid_content":false,"footnotes":""},"categories":[109,46],"tags":[2743],"class_list":["post-71354","post","type-post","status-publish","format-standard","has-post-thumbnail","hentry","category-minuto-a-minuto","category-zona-blanca","tag-65-legislatura-del-estado-de-oaxaca"],"jetpack_featured_media_url":"https:\/\/zonaroja.com.mx\/wp-content\/uploads\/2024\/08\/CONVOCATORIA_RODOLFO-MORALES.jpeg","jetpack_sharing_enabled":true,"_links":{"self":[{"href":"https:\/\/zonaroja.com.mx\/index.php?rest_route=\/wp\/v2\/posts\/71354","targetHints":{"allow":["GET"]}}],"collection":[{"href":"https:\/\/zonaroja.com.mx\/index.php?rest_route=\/wp\/v2\/posts"}],"about":[{"href":"https:\/\/zonaroja.com.mx\/index.php?rest_route=\/wp\/v2\/types\/post"}],"author":[{"embeddable":true,"href":"https:\/\/zonaroja.com.mx\/index.php?rest_route=\/wp\/v2\/users\/2"}],"replies":[{"embeddable":true,"href":"https:\/\/zonaroja.com.mx\/index.php?rest_route=%2Fwp%2Fv2%2Fcomments&post=71354"}],"version-history":[{"count":1,"href":"https:\/\/zonaroja.com.mx\/index.php?rest_route=\/wp\/v2\/posts\/71354\/revisions"}],"predecessor-version":[{"id":71356,"href":"https:\/\/zonaroja.com.mx\/index.php?rest_route=\/wp\/v2\/posts\/71354\/revisions\/71356"}],"wp:featuredmedia":[{"embeddable":true,"href":"https:\/\/zonaroja.com.mx\/index.php?rest_route=\/wp\/v2\/media\/71355"}],"wp:attachment":[{"href":"https:\/\/zonaroja.com.mx\/index.php?rest_route=%2Fwp%2Fv2%2Fmedia&parent=71354"}],"wp:term":[{"taxonomy":"category","embeddable":true,"href":"https:\/\/zonaroja.com.mx\/index.php?rest_route=%2Fwp%2Fv2%2Fcategories&post=71354"},{"taxonomy":"post_tag","embeddable":true,"href":"https:\/\/zonaroja.com.mx\/index.php?rest_route=%2Fwp%2Fv2%2Ftags&post=71354"}],"curies":[{"name":"wp","href":"https:\/\/api.w.org\/{rel}","templated":true}]}}