{"id":71357,"date":"2024-08-13T21:42:51","date_gmt":"2024-08-14T03:42:51","guid":{"rendered":"https:\/\/zonaroja.com.mx\/?p=71357"},"modified":"2024-08-13T21:42:53","modified_gmt":"2024-08-14T03:42:53","slug":"oaxaca-sera-sede-de-concurso-internacional-de-la-nasa-distingue-obra-de-toledo","status":"publish","type":"post","link":"https:\/\/zonaroja.com.mx\/?p=71357","title":{"rendered":"Oaxaca ser\u00e1 sede de concurso internacional de la NASA; distingue obra de Toledo"},"content":{"rendered":"\n<p>Ismael Garc\u00eda M.\/Zona Roja.<\/p>\n\n\n\n<p>Oaxaca de Ju\u00e1rez, Oax., a 13 de agosto de 2024.- El estado de Oaxaca ser\u00e1 sede de un concurso internacional de la NASA para talentos, representado en la entidad por la astronauta an\u00e1loga oaxaque\u00f1a M\u00f3nica Ortiz.<\/p>\n\n\n\n<p>Se trata del \u201chackathon\u201d Internacional Space Apps Challenge, que se efectuar\u00e1 los d\u00edas 5 y 6 de octubre en la capital y tendr\u00e1 como imagen una obra del artista pl\u00e1stico Francisco Toledo, donada por su familia.<\/p>\n\n\n\n<p>En conferencia de prensa, la joven oaxaque\u00f1a, originaria del municipio de San Bartolo Coyotepec, y su col\u00edder, Adri\u00e1n Garc\u00eda, presentaron los detalles de la convocatoria, en la que puede participar la sociedad en general con sus proyectos.<\/p>\n\n\n\n<p>El tema central es \u00bb El Sol toca todo\u00bb y en ese contexto deber\u00e1n enfocarse las propuestas que, en caso de ganar, tendr\u00e1n el respaldo de la Administraci\u00f3n Nacional de Aeron\u00e1utica y el Espacio (NASA) de los Estados Unidos de Norteam\u00e9rica, ya sea para respaldar una investigaci\u00f3n o la creaci\u00f3n de una empresa.<\/p>\n\n\n\n<p>Pueden participar estudiantes, como tambi\u00e9n&nbsp; todo aquel interesado en aportar su conocimiento, habilidad y tiempo en las posibles soluciones a las problem\u00e1ticas planteadas.<\/p>\n\n\n\n<p>\u201cEste evento es sumamente importante para el desarrollo de Oaxaca, pero no solamente para el estado, sino para todo el pa\u00eds; es el primer evento en la historia del estado, en la que vamos a poder traer y focalizar a la NASA directamente.<\/p>\n\n\n\n<p>\u201cEs un proyecto sumamente noble; es un marat\u00f3n de desaf\u00edos de conocimientos, en el cual las y los j\u00f3venes, pero tambi\u00e9n los adultos, pueden inscribirse para plantear soluciones a problem\u00e1ticas del mundo\u201d, explic\u00f3 M\u00f3nica Ortiz, quien recientemente recibi\u00f3 un reconocimiento internacional en Europa.<\/p>\n\n\n\n<p>Explic\u00f3 que este \u201chackathon\u201d no solamente es para ciencia y tecnolog\u00eda, sino tambi\u00e9n para ciencias y artes, humanidades, la cultura, entre otros, que no est\u00e1n peleados con el espacio; es un evento sin fines de lucro, gratuito y libre de todo tipo de ecolog\u00eda, detall\u00f3.<\/p>\n\n\n\n<p>En Oaxaca es auspiciado por diversas empresas, entre ellas hotel casa \u201cAzul\u201d, del empresario Jos\u00e9 Luis Bustamante del Valle, anfitri\u00f3n del encuentro de este martes y quien convoc\u00f3 a la sociedad a participar en este encuentro de car\u00e1cter internacional.<\/p>\n\n\n\n<p>\u201cEs un gusto poder decir que Oaxaca est\u00e1 presente siempre en el \u00e1mbito internacional; no es casual que este tipo de eventos se realicen en Oaxaca, ante una realidad como el contar con la biodiversidad m\u00e1s importante\u201d, dijo.<\/p>\n\n\n\n<p>\u00abOjal\u00e1 que nuestras autoridades, tanto municipales, estatales y federales, volteen a ver a oaxaque\u00f1as y oaxaque\u00f1os que han destacado en diversas actividades\u00bb, puntualiz\u00f3.<\/p>\n\n\n\n<figure class=\"wp-block-embed is-type-rich is-provider-twitter wp-block-embed-twitter\"><div class=\"wp-block-embed__wrapper\">\n<div class=\"twitter-tweet\"><blockquote class=\"twitter-tweet\" data-lang=\"es\"><p lang=\"es\" dir=\"ltr\">b). Durante la presentaci\u00f3n del \u201cHackathon\u201d Internacional Space Apps Challenge de la NASA, que convoca la astronauta an\u00e1loga oaxaque\u00f1a M\u00f3nica Ortiz, se anunci\u00f3 que esta actividad tendr\u00e1 como imagen una obra del maestro Francisco Toledo, denominada \u201cSoles V\u201d, que fue donada por\u2026 <a href=\"https:\/\/t.co\/hbIRNOmP4V\">pic.twitter.com\/hbIRNOmP4V<\/a><\/p>&mdash; Zona Roja Oaxaca (@ZonaRoja_Oaxaca) <a href=\"https:\/\/twitter.com\/ZonaRoja_Oaxaca\/status\/1823509613804970327?ref_src=twsrc%5Etfw\">13 de agosto de 2024<\/a><\/blockquote><\/div>\n<\/div><\/figure>\n","protected":false},"excerpt":{"rendered":"<p>Ismael Garc\u00eda M.\/Zona Roja. Oaxaca de Ju\u00e1rez, Oax., a 13 de agosto de 2024.- El&hellip;<\/p>\n","protected":false},"author":2,"featured_media":71358,"comment_status":"closed","ping_status":"open","sticky":false,"template":"","format":"standard","meta":{"_lmt_disableupdate":"","_lmt_disable":"","_jetpack_memberships_contains_paid_content":false,"footnotes":""},"categories":[109,46],"tags":[4024],"class_list":["post-71357","post","type-post","status-publish","format-standard","has-post-thumbnail","hentry","category-minuto-a-minuto","category-zona-blanca","tag-astronauta-monica-ortiz"],"jetpack_featured_media_url":"https:\/\/zonaroja.com.mx\/wp-content\/uploads\/2024\/08\/NASA-hackathon-Monica-Ortiz.jpg","jetpack_sharing_enabled":true,"_links":{"self":[{"href":"https:\/\/zonaroja.com.mx\/index.php?rest_route=\/wp\/v2\/posts\/71357","targetHints":{"allow":["GET"]}}],"collection":[{"href":"https:\/\/zonaroja.com.mx\/index.php?rest_route=\/wp\/v2\/posts"}],"about":[{"href":"https:\/\/zonaroja.com.mx\/index.php?rest_route=\/wp\/v2\/types\/post"}],"author":[{"embeddable":true,"href":"https:\/\/zonaroja.com.mx\/index.php?rest_route=\/wp\/v2\/users\/2"}],"replies":[{"embeddable":true,"href":"https:\/\/zonaroja.com.mx\/index.php?rest_route=%2Fwp%2Fv2%2Fcomments&post=71357"}],"version-history":[{"count":1,"href":"https:\/\/zonaroja.com.mx\/index.php?rest_route=\/wp\/v2\/posts\/71357\/revisions"}],"predecessor-version":[{"id":71359,"href":"https:\/\/zonaroja.com.mx\/index.php?rest_route=\/wp\/v2\/posts\/71357\/revisions\/71359"}],"wp:featuredmedia":[{"embeddable":true,"href":"https:\/\/zonaroja.com.mx\/index.php?rest_route=\/wp\/v2\/media\/71358"}],"wp:attachment":[{"href":"https:\/\/zonaroja.com.mx\/index.php?rest_route=%2Fwp%2Fv2%2Fmedia&parent=71357"}],"wp:term":[{"taxonomy":"category","embeddable":true,"href":"https:\/\/zonaroja.com.mx\/index.php?rest_route=%2Fwp%2Fv2%2Fcategories&post=71357"},{"taxonomy":"post_tag","embeddable":true,"href":"https:\/\/zonaroja.com.mx\/index.php?rest_route=%2Fwp%2Fv2%2Ftags&post=71357"}],"curies":[{"name":"wp","href":"https:\/\/api.w.org\/{rel}","templated":true}]}}