{"id":71360,"date":"2024-08-14T07:24:27","date_gmt":"2024-08-14T13:24:27","guid":{"rendered":"https:\/\/zonaroja.com.mx\/?p=71360"},"modified":"2024-08-14T07:24:29","modified_gmt":"2024-08-14T13:24:29","slug":"aplazan-acuerdos-por-caso-coyula-huatulco-conanp-suspenderia-decreto-de-expropiacion","status":"publish","type":"post","link":"https:\/\/zonaroja.com.mx\/?p=71360","title":{"rendered":"Aplazan acuerdos por caso Coyula, Huatulco; Conanp suspender\u00eda decreto de expropiaci\u00f3n"},"content":{"rendered":"\n<p>Ismael Garc\u00eda M.\/Zona Roja.<\/p>\n\n\n\n<p>Oaxaca de Ju\u00e1rez, Oax., a 14 de agosto de 2024.- Autoridades y comuneros de Bajos de Coyula y El Arenal, Santa Mar\u00eda Huatulco, acordaron aplazar por un mes las negociaciones para alcanzar un acuerdo respecto de las tierras en conflicto.<\/p>\n\n\n\n<p>En tanto, la Comisi\u00f3n Nacional de \u00c1reas Naturales Protegidas (Conanp) se comprometi\u00f3 a suspender el decreto de crear un \u00e1rea natural protegida en alrededor de dos mil 800 hect\u00e1reas.<\/p>\n\n\n\n<p>La reuni\u00f3n se llev\u00f3 a cabo ayer por la tarde en instalaciones militares de Huatulco, con la presencia del titular de la Secretar\u00eda de Gobierno, Jes\u00fas Romero L\u00f3pez, as\u00ed como funcionarios federales.<\/p>\n\n\n\n<p>Tras las discusiones, se lleg\u00f3 al acuerdo de aplazar por un mes la continuaci\u00f3n de la reuni\u00f3n, con la finalidad de que los comuneros analicen las propuestas que se le plantearon.<\/p>\n\n\n\n<p>En un comunicado, el Gobierno del Estado inform\u00f3 que, en cumplimiento al compromiso de escuchar de viva voz los planteamientos de los habitantes de Bajos de Coyula y El Arenal, en la Costa oaxaque\u00f1a funcionariado federal y estatal se reunieron y, \u201ca trav\u00e9s del di\u00e1logo, lograron importantes avances que permitir\u00e1n encontrar una soluci\u00f3n para conservar, ordenar y dar certidumbre a la ciudadan\u00eda de esas agencias de Santa Mar\u00eda Huatulco\u201d.<\/p>\n\n\n\n<p>En el encuentro participaron representantes de la Secretar\u00eda de Medio Ambiente y Recursos Naturales (Semarnat), el Instituto Nacional del Suelo Sustentable (Insus), la Comisi\u00f3n Nacional de \u00c1reas Naturales Protegidas (Conanp), la Secretar\u00eda de Gobernaci\u00f3n (Segob), la Secretar\u00eda de Comunicaciones y Transportes y la Coordinaci\u00f3n de Delegados de Paz Social de la Secretar\u00eda de Gobierno (Sego).<\/p>\n\n\n\n<p>\u201cCon esta acci\u00f3n, se cumple el compromiso del Presidente de M\u00e9xico, &nbsp;Andr\u00e9s Manuel L\u00f3pez Obrador y del Gobernador de Oaxaca, Salom\u00f3n Jara Cruz, de mantener la paz en las comunidades, anteponiendo el di\u00e1logo y la concertaci\u00f3n\u201d, detall\u00f3.<\/p>\n\n\n\n<p>Desde el pasado viernes y hasta el domingo, comuneros de Huatulco bloquearon la carretera federal n\u00famero 200; por dos d\u00edas tambi\u00e9n se mantuvieron en el acceso al aeropuerto internacional, con graves afectaciones al turismo, en demanda de suspensi\u00f3n del decreto sobre dos mil 809 hect\u00e1reas.<\/p>\n\n\n\n<p>No obstante, persiste la inconformidad de los comuneros debido a que hay denuncias penales en contra de quienes realizaron los cierres de vialidades.<\/p>\n\n\n\n<p>Aunado a ello, ahora exigen revisar la expropiaci\u00f3n de tierras que hizo el gobierno federal desde el a\u00f1o de 1984, para crear el desarrollo tur\u00edstico de Bah\u00edas de Huatulco.<\/p>\n\n\n\n<figure class=\"wp-block-embed is-type-rich is-provider-twitter wp-block-embed-twitter\"><div class=\"wp-block-embed__wrapper\">\n<div class=\"twitter-tweet\"><blockquote class=\"twitter-tweet\" data-lang=\"es\"><p lang=\"es\" dir=\"ltr\">Como se comprometi\u00f3 el <a href=\"https:\/\/twitter.com\/GobOax?ref_src=twsrc%5Etfw\">@GobOax<\/a>, esta tarde de martes se llev\u00f3 a cabo la reuni\u00f3n entre autoridades estatales y federales con comuneros de Santa Mar\u00eda <a href=\"https:\/\/twitter.com\/hashtag\/Huatulco?src=hash&amp;ref_src=twsrc%5Etfw\">#Huatulco<\/a>, tras el bloqueo carretero del fin de semana; hay una nueva pausa en las negociaciones..<br>Video: <a href=\"https:\/\/twitter.com\/camaradamarko?ref_src=twsrc%5Etfw\">@camaradamarko<\/a>. <a href=\"https:\/\/t.co\/Nr1RsdHKkV\">pic.twitter.com\/Nr1RsdHKkV<\/a><\/p>&mdash; Zona Roja Oaxaca (@ZonaRoja_Oaxaca) <a href=\"https:\/\/twitter.com\/ZonaRoja_Oaxaca\/status\/1823552934518669735?ref_src=twsrc%5Etfw\">14 de agosto de 2024<\/a><\/blockquote><\/div>\n<\/div><\/figure>\n","protected":false},"excerpt":{"rendered":"<p>Ismael Garc\u00eda M.\/Zona Roja. Oaxaca de Ju\u00e1rez, Oax., a 14 de agosto de 2024.- Autoridades&hellip;<\/p>\n","protected":false},"author":2,"featured_media":71361,"comment_status":"closed","ping_status":"open","sticky":false,"template":"","format":"standard","meta":{"_lmt_disableupdate":"","_lmt_disable":"","_jetpack_memberships_contains_paid_content":false,"footnotes":""},"categories":[109,46],"tags":[4026],"class_list":["post-71360","post","type-post","status-publish","format-standard","has-post-thumbnail","hentry","category-minuto-a-minuto","category-zona-blanca","tag-bajos-de-coyula-huatulco"],"jetpack_featured_media_url":"https:\/\/zonaroja.com.mx\/wp-content\/uploads\/2024\/08\/Reunion-comuneros-Huatulco.jpeg","jetpack_sharing_enabled":true,"_links":{"self":[{"href":"https:\/\/zonaroja.com.mx\/index.php?rest_route=\/wp\/v2\/posts\/71360","targetHints":{"allow":["GET"]}}],"collection":[{"href":"https:\/\/zonaroja.com.mx\/index.php?rest_route=\/wp\/v2\/posts"}],"about":[{"href":"https:\/\/zonaroja.com.mx\/index.php?rest_route=\/wp\/v2\/types\/post"}],"author":[{"embeddable":true,"href":"https:\/\/zonaroja.com.mx\/index.php?rest_route=\/wp\/v2\/users\/2"}],"replies":[{"embeddable":true,"href":"https:\/\/zonaroja.com.mx\/index.php?rest_route=%2Fwp%2Fv2%2Fcomments&post=71360"}],"version-history":[{"count":1,"href":"https:\/\/zonaroja.com.mx\/index.php?rest_route=\/wp\/v2\/posts\/71360\/revisions"}],"predecessor-version":[{"id":71362,"href":"https:\/\/zonaroja.com.mx\/index.php?rest_route=\/wp\/v2\/posts\/71360\/revisions\/71362"}],"wp:featuredmedia":[{"embeddable":true,"href":"https:\/\/zonaroja.com.mx\/index.php?rest_route=\/wp\/v2\/media\/71361"}],"wp:attachment":[{"href":"https:\/\/zonaroja.com.mx\/index.php?rest_route=%2Fwp%2Fv2%2Fmedia&parent=71360"}],"wp:term":[{"taxonomy":"category","embeddable":true,"href":"https:\/\/zonaroja.com.mx\/index.php?rest_route=%2Fwp%2Fv2%2Fcategories&post=71360"},{"taxonomy":"post_tag","embeddable":true,"href":"https:\/\/zonaroja.com.mx\/index.php?rest_route=%2Fwp%2Fv2%2Ftags&post=71360"}],"curies":[{"name":"wp","href":"https:\/\/api.w.org\/{rel}","templated":true}]}}