{"id":71363,"date":"2024-08-14T08:24:00","date_gmt":"2024-08-14T14:24:00","guid":{"rendered":"https:\/\/zonaroja.com.mx\/?p=71363"},"modified":"2024-08-14T07:28:22","modified_gmt":"2024-08-14T13:28:22","slug":"amagan-trabajadores-del-poder-judicial-con-paro-nacional-ante-reformas","status":"publish","type":"post","link":"https:\/\/zonaroja.com.mx\/?p=71363","title":{"rendered":"Amagan trabajadores del Poder Judicial con paro nacional, ante reformas"},"content":{"rendered":"\n<p>Redacci\u00f3n\/Zona Roja Cdmx.<\/p>\n\n\n\n<p>Ciudad de M\u00e9xico, a 14 de agosto de 2024.- La Asociaci\u00f3n Nacional de Magistrados de Circuito y Jueces de Distrito del Poder Judicial de la Federaci\u00f3n (JUFED) anunci\u00f3 su intenci\u00f3n de convocar un paro indefinido de labores en respuesta al avance de la reforma judicial impulsada por el oficialismo, que busca elegir por voto popular a los jueces.<\/p>\n\n\n\n<p>Juana Fuentes Vel\u00e1zquez, presidenta de la JUFED, explic\u00f3 durante una manifestaci\u00f3n a la entrada del edificio del Poder Judicial en la Ciudad de M\u00e9xico, que los integrantes de la judicatura formaron una \u201ccoalici\u00f3n para la defensa de la independencia judicial\u201d, como previsi\u00f3n de la posible aprobaci\u00f3n de la reforma por la amplia mayor\u00eda con la que contar\u00eda el oficialismo en el nuevo Congreso, que tomar\u00e1 posesi\u00f3n el 1 de septiembre.<\/p>\n\n\n\n<p>\u201cEn su caso, (los trabajadores del Poder Judicial) acordaremos la suspensi\u00f3n temporal de trabajo, en uso de un derecho de rango m\u00e1ximo\u201d, se\u00f1al\u00f3 Fuentes Vel\u00e1zquez.<\/p>\n\n\n\n<p>La jueza precis\u00f3 que \u201cla suspensi\u00f3n de labores, como \u00faltima medida\u201d ser\u00e1 empleada \u201ccon el \u00fanico prop\u00f3sito de que la reforma sea integral y producto del m\u00e1ximo consenso entre las mayor\u00edas legislativas y los dem\u00e1s actores sociales\u201d.<\/p>\n\n\n\n<p>\u201cPor ello, anunciamos que hemos procedido ya a planificar y ejecutar los pasos que nos permitir\u00edan decretarla en el momento en el que se vuelva necesaria\u201d, avis\u00f3.<\/p>\n\n\n\n<p>REFORMA INTEGRAL<\/p>\n\n\n\n<p>Fuentes Vel\u00e1zquez subray\u00f3 que la reforma propuesta por el presidente, Andr\u00e9s Manuel L\u00f3pez Obrador, que pretende la elecci\u00f3n de jueces y ministros por voto popular, \u201csin duda alguna abrir\u00eda la posibilidad de que grupos de poder, incluso ilegales, ejerzan presi\u00f3n efectiva sobre los poderes judiciales\u201d.<\/p>\n\n\n\n<p>Asimismo, la jueza advirti\u00f3 que \u201caunque esta propuesta puede parecer una medida democr\u00e1tica, es fundamental reflexionar sobre los riesgos que implica para la independencia judicial, la estabilidad constitucional y la protecci\u00f3n de los derechos humanos, especialmente de las personas m\u00e1s vulnerables\u201d.<\/p>\n\n\n\n<p>\u201cCuando la justicia se convierte en un juego pol\u00edtico, los derechos humanos de quienes no tienen voz y poder se ven relegados\u201d, alert\u00f3.<\/p>\n\n\n\n<p>Por lo tanto, la juzgadora se\u00f1al\u00f3 que \u201cel nuevo Gobierno tiene la oportunidad hist\u00f3rica de lograr una reforma trascendental si reconoce el deber de abordar los problemas de acceso a la justicia\u201d para todas las personas, \u201cy al mismo tiempo, para proporcionar el incentivo de seguridad jur\u00eddica a los inversionistas\u201d.<\/p>\n\n\n\n<p>Para lograrlo, enumer\u00f3 varios frentes a atender, como la profesionalizaci\u00f3n de polic\u00edas y fiscales, el robustecimiento de las defensor\u00edas p\u00fablicas y la regeneraci\u00f3n del sistema carcelario.<\/p>\n\n\n\n<p>Adem\u00e1s, dijo que \u201cafrontar este reto con asertividad puede ser la bandera del pr\u00f3ximo Gobierno, si se toma en cuenta que las m\u00faltiples voces que han mostrado preocupaci\u00f3n leg\u00edtima merecen ser atendidas para emprender un proceso de reforma distinto y sin apresuramientos\u201d.<\/p>\n\n\n\n<p>\u201cSi se hiciera caso a esta petici\u00f3n, todos en la judicatura, los m\u00e1s de 50 mil mujeres y hombres que la conformamos, apoyaremos las mejores propuestas de enmienda a la Constituci\u00f3n y a las leyes que se ventilen en el Congreso\u201c, expuso.<\/p>\n\n\n\n<p>(Con informaci\u00f3n de EFE, en L\u00f3pez-D\u00f3riga Digital)<\/p>\n","protected":false},"excerpt":{"rendered":"<p>Redacci\u00f3n\/Zona Roja Cdmx. Ciudad de M\u00e9xico, a 14 de agosto de 2024.- La Asociaci\u00f3n Nacional&hellip;<\/p>\n","protected":false},"author":2,"featured_media":71364,"comment_status":"closed","ping_status":"open","sticky":false,"template":"","format":"standard","meta":{"_lmt_disableupdate":"","_lmt_disable":"","_jetpack_memberships_contains_paid_content":false,"footnotes":""},"categories":[109,47],"tags":[4027],"class_list":["post-71363","post","type-post","status-publish","format-standard","has-post-thumbnail","hentry","category-minuto-a-minuto","category-zona-gris","tag-reforma-al-poder-judicial"],"jetpack_featured_media_url":"https:\/\/zonaroja.com.mx\/wp-content\/uploads\/2024\/08\/Pachuca-Liberan-bulevar-Colosio-tras-paro-del-Poder-Judicial.jpeg","jetpack_sharing_enabled":true,"_links":{"self":[{"href":"https:\/\/zonaroja.com.mx\/index.php?rest_route=\/wp\/v2\/posts\/71363","targetHints":{"allow":["GET"]}}],"collection":[{"href":"https:\/\/zonaroja.com.mx\/index.php?rest_route=\/wp\/v2\/posts"}],"about":[{"href":"https:\/\/zonaroja.com.mx\/index.php?rest_route=\/wp\/v2\/types\/post"}],"author":[{"embeddable":true,"href":"https:\/\/zonaroja.com.mx\/index.php?rest_route=\/wp\/v2\/users\/2"}],"replies":[{"embeddable":true,"href":"https:\/\/zonaroja.com.mx\/index.php?rest_route=%2Fwp%2Fv2%2Fcomments&post=71363"}],"version-history":[{"count":1,"href":"https:\/\/zonaroja.com.mx\/index.php?rest_route=\/wp\/v2\/posts\/71363\/revisions"}],"predecessor-version":[{"id":71365,"href":"https:\/\/zonaroja.com.mx\/index.php?rest_route=\/wp\/v2\/posts\/71363\/revisions\/71365"}],"wp:featuredmedia":[{"embeddable":true,"href":"https:\/\/zonaroja.com.mx\/index.php?rest_route=\/wp\/v2\/media\/71364"}],"wp:attachment":[{"href":"https:\/\/zonaroja.com.mx\/index.php?rest_route=%2Fwp%2Fv2%2Fmedia&parent=71363"}],"wp:term":[{"taxonomy":"category","embeddable":true,"href":"https:\/\/zonaroja.com.mx\/index.php?rest_route=%2Fwp%2Fv2%2Fcategories&post=71363"},{"taxonomy":"post_tag","embeddable":true,"href":"https:\/\/zonaroja.com.mx\/index.php?rest_route=%2Fwp%2Fv2%2Ftags&post=71363"}],"curies":[{"name":"wp","href":"https:\/\/api.w.org\/{rel}","templated":true}]}}