{"id":71366,"date":"2024-08-14T09:28:00","date_gmt":"2024-08-14T15:28:00","guid":{"rendered":"https:\/\/zonaroja.com.mx\/?p=71366"},"modified":"2024-08-14T07:52:34","modified_gmt":"2024-08-14T13:52:34","slug":"otra-del-imss-oaxaca-se-niega-a-trasladar-a-paciente-del-istmo-a-puebla","status":"publish","type":"post","link":"https:\/\/zonaroja.com.mx\/?p=71366","title":{"rendered":"Otra del IMSS Oaxaca: se niega a trasladar a paciente del Istmo a Puebla"},"content":{"rendered":"\n<p>Raymundo Morales\/Zona Roja.<\/p>\n\n\n\n<p>Oaxaca de Ju\u00e1rez, Oax., a 14 de septiembre de 2024.- Familiares de un paciente denunciaron negligencia del Instituto Mexicano del Seguro Social (IMSS) en Oaxaca, para trasladar a un paciente de la regi\u00f3n del Istmo a la capital del estado, a Puebla u otra entidad del pa\u00eds.<\/p>\n\n\n\n<p>Por varias horas, protestaron en el hospital de zona ubicado en el municipio de Salina Cruz, para demandar la atenci\u00f3n urgente de una intervenci\u00f3n quir\u00fargica de An\u00edbal B., paciente originario de Juchit\u00e1n de Zaragoza.<\/p>\n\n\n\n<p>Sin embargo, s\u00f3lo encontraron excusas y evasivas por parte de responsables del IMSS, que incluso hicieron llamar a personal policiaco para resguardar el nosocomio.<\/p>\n\n\n\n<p>El paciente sufri\u00f3 un accidente vehicular el pasado domingo y requiere con urgencia atenci\u00f3n de alta especialidad, lo cual le ha negado la instituci\u00f3n.<\/p>\n\n\n\n<p>Fue hasta ayer por la tarde en que el IMSS Oaxaca, a cargo de Julio Mercado Castruita, que emiti\u00f3 un escueto comunicado, para informar que \u201cen el transcurso de la noche\u201d (de ayer) ser\u00eda trasladado al Hospital de Zona 1 de la capital oaxaque\u00f1a.<\/p>\n\n\n\n<p>\u201cUna ambulancia equipada con m\u00e9dico y enfermera acudir\u00e1 por el paciente al HGZ 2, la cual llegar\u00e1 en el transcurso de la noche para realizar el traslado\u201d, inform\u00f3 ayer.<\/p>\n\n\n\n<p>\u201cEn todo momento se ha dado respuesta inmediata a los familiares, quienes han sido informados y aceptaron el traslado\u201d, se excus\u00f3, tras las presiones de la familia.<\/p>\n\n\n\n<p>Apenas la semana pasada, una familia denunci\u00f3 que por probable negligencia del IMSS con sede en San Juan Bautista Tuxtepec, una adolescente muri\u00f3 tras un accidente, debido a que le ped\u00edan un documento, la CURP, que tardaron en llevar.<\/p>\n","protected":false},"excerpt":{"rendered":"<p>Raymundo Morales\/Zona Roja. Oaxaca de Ju\u00e1rez, Oax., a 14 de septiembre de 2024.- Familiares de&hellip;<\/p>\n","protected":false},"author":2,"featured_media":71367,"comment_status":"closed","ping_status":"open","sticky":false,"template":"","format":"standard","meta":{"_lmt_disableupdate":"","_lmt_disable":"","_jetpack_memberships_contains_paid_content":false,"footnotes":""},"categories":[109,47],"tags":[870],"class_list":["post-71366","post","type-post","status-publish","format-standard","has-post-thumbnail","hentry","category-minuto-a-minuto","category-zona-gris","tag-imss-oaxaca"],"jetpack_featured_media_url":"https:\/\/zonaroja.com.mx\/wp-content\/uploads\/2024\/08\/Protesta-IMSS-Salina-Cruz.jpg","jetpack_sharing_enabled":true,"_links":{"self":[{"href":"https:\/\/zonaroja.com.mx\/index.php?rest_route=\/wp\/v2\/posts\/71366","targetHints":{"allow":["GET"]}}],"collection":[{"href":"https:\/\/zonaroja.com.mx\/index.php?rest_route=\/wp\/v2\/posts"}],"about":[{"href":"https:\/\/zonaroja.com.mx\/index.php?rest_route=\/wp\/v2\/types\/post"}],"author":[{"embeddable":true,"href":"https:\/\/zonaroja.com.mx\/index.php?rest_route=\/wp\/v2\/users\/2"}],"replies":[{"embeddable":true,"href":"https:\/\/zonaroja.com.mx\/index.php?rest_route=%2Fwp%2Fv2%2Fcomments&post=71366"}],"version-history":[{"count":1,"href":"https:\/\/zonaroja.com.mx\/index.php?rest_route=\/wp\/v2\/posts\/71366\/revisions"}],"predecessor-version":[{"id":71368,"href":"https:\/\/zonaroja.com.mx\/index.php?rest_route=\/wp\/v2\/posts\/71366\/revisions\/71368"}],"wp:featuredmedia":[{"embeddable":true,"href":"https:\/\/zonaroja.com.mx\/index.php?rest_route=\/wp\/v2\/media\/71367"}],"wp:attachment":[{"href":"https:\/\/zonaroja.com.mx\/index.php?rest_route=%2Fwp%2Fv2%2Fmedia&parent=71366"}],"wp:term":[{"taxonomy":"category","embeddable":true,"href":"https:\/\/zonaroja.com.mx\/index.php?rest_route=%2Fwp%2Fv2%2Fcategories&post=71366"},{"taxonomy":"post_tag","embeddable":true,"href":"https:\/\/zonaroja.com.mx\/index.php?rest_route=%2Fwp%2Fv2%2Ftags&post=71366"}],"curies":[{"name":"wp","href":"https:\/\/api.w.org\/{rel}","templated":true}]}}