{"id":71369,"date":"2024-08-14T10:00:00","date_gmt":"2024-08-14T16:00:00","guid":{"rendered":"https:\/\/zonaroja.com.mx\/?p=71369"},"modified":"2024-08-14T08:03:39","modified_gmt":"2024-08-14T14:03:39","slug":"inicia-gobierno-entrega-de-tarjetas-para-mi-primera-chamba","status":"publish","type":"post","link":"https:\/\/zonaroja.com.mx\/?p=71369","title":{"rendered":"Inicia gobierno entrega de tarjetas para \u201cMi primera chamba\u201d"},"content":{"rendered":"\n<p>Redacci\u00f3n\/Zona Roja.<\/p>\n\n\n\n<p>Oaxaca de Ju\u00e1rez, Oax., a 14 de agosto de 2024.- El gobierno de Oaxaca inici\u00f3 la entrega de las primeras tarjetas del programa \u201cMi primera chamba\u201d, el cual beneficiar\u00e1 a dos mil 797 j\u00f3venes, egresados de instituciones de educaci\u00f3n superior, con 255 millones 86 mil 400 pesos en este a\u00f1o.<\/p>\n\n\n\n<p>Este martes, el titular del Poder Ejecutivo, Salom\u00f3n Jara Cruz, se reuni\u00f3 con m\u00e1s de 400 juventudes beneficiarias, con la presencia de la presidenta honoraria del Sistema Estatal para el Desarrollo Integral de la Familia (DIF), Irma Bola\u00f1os Quijano.<\/p>\n\n\n\n<p>En su mensaje, el mandatario estatal dio a conocer que est\u00e1 acci\u00f3n del gobierno invertir\u00e1 mensualmente cuatro millones 332 mil pesos para 570 nuevos profesionistas en los Valles Centrales. En un a\u00f1o la inversi\u00f3n total ser\u00e1 de 51 millones 984 mil pesos.<\/p>\n\n\n\n<p>Con \u201cMi primera chamba\u201d se atiende a la tercera parte de las y los j\u00f3venes que egresaron este a\u00f1o en Oaxaca.&nbsp;<\/p>\n\n\n\n<p>El titular de la Gubernatura apunt\u00f3 que \u201clas juventudes son prioridad para esta administraci\u00f3n, ya que representan el cambio por la capacitaci\u00f3n, empleo, productividad y competitividad que se espera para el desarrollo y bienestar en el estado\u201d.<\/p>\n\n\n\n<p>Abund\u00f3 que, se tiene como meta que cuatro mil 166 personas se inscriban al programa, pues hoy en d\u00eda el territorio oaxaque\u00f1o representa un lugar que ofrece oportunidades laborales con la inauguraci\u00f3n del Corredor Interoce\u00e1nico del Istmo de Tehuantepec (CIIT).&nbsp;<\/p>\n\n\n\n<p>A partir del 15 de agosto, quienes obtuvieron su tarjeta dispondr\u00e1n del recurso asignado, garantizando que nadie se quede atr\u00e1s y nadie se quede afuera del desarrollo integral de las comunidades de la entidad.<\/p>\n","protected":false},"excerpt":{"rendered":"<p>Redacci\u00f3n\/Zona Roja. Oaxaca de Ju\u00e1rez, Oax., a 14 de agosto de 2024.- El gobierno de&hellip;<\/p>\n","protected":false},"author":2,"featured_media":71370,"comment_status":"closed","ping_status":"open","sticky":false,"template":"","format":"standard","meta":{"_lmt_disableupdate":"","_lmt_disable":"","_jetpack_memberships_contains_paid_content":false,"footnotes":""},"categories":[109,46],"tags":[939],"class_list":["post-71369","post","type-post","status-publish","format-standard","has-post-thumbnail","hentry","category-minuto-a-minuto","category-zona-blanca","tag-salomon-jara-cruz"],"jetpack_featured_media_url":"https:\/\/zonaroja.com.mx\/wp-content\/uploads\/2024\/08\/Tarjeta-mi-primera-chamba-Salomon-Jara.jpeg","jetpack_sharing_enabled":true,"_links":{"self":[{"href":"https:\/\/zonaroja.com.mx\/index.php?rest_route=\/wp\/v2\/posts\/71369","targetHints":{"allow":["GET"]}}],"collection":[{"href":"https:\/\/zonaroja.com.mx\/index.php?rest_route=\/wp\/v2\/posts"}],"about":[{"href":"https:\/\/zonaroja.com.mx\/index.php?rest_route=\/wp\/v2\/types\/post"}],"author":[{"embeddable":true,"href":"https:\/\/zonaroja.com.mx\/index.php?rest_route=\/wp\/v2\/users\/2"}],"replies":[{"embeddable":true,"href":"https:\/\/zonaroja.com.mx\/index.php?rest_route=%2Fwp%2Fv2%2Fcomments&post=71369"}],"version-history":[{"count":1,"href":"https:\/\/zonaroja.com.mx\/index.php?rest_route=\/wp\/v2\/posts\/71369\/revisions"}],"predecessor-version":[{"id":71371,"href":"https:\/\/zonaroja.com.mx\/index.php?rest_route=\/wp\/v2\/posts\/71369\/revisions\/71371"}],"wp:featuredmedia":[{"embeddable":true,"href":"https:\/\/zonaroja.com.mx\/index.php?rest_route=\/wp\/v2\/media\/71370"}],"wp:attachment":[{"href":"https:\/\/zonaroja.com.mx\/index.php?rest_route=%2Fwp%2Fv2%2Fmedia&parent=71369"}],"wp:term":[{"taxonomy":"category","embeddable":true,"href":"https:\/\/zonaroja.com.mx\/index.php?rest_route=%2Fwp%2Fv2%2Fcategories&post=71369"},{"taxonomy":"post_tag","embeddable":true,"href":"https:\/\/zonaroja.com.mx\/index.php?rest_route=%2Fwp%2Fv2%2Ftags&post=71369"}],"curies":[{"name":"wp","href":"https:\/\/api.w.org\/{rel}","templated":true}]}}