{"id":71372,"date":"2024-08-14T11:03:00","date_gmt":"2024-08-14T17:03:00","guid":{"rendered":"https:\/\/zonaroja.com.mx\/?p=71372"},"modified":"2024-08-14T08:05:26","modified_gmt":"2024-08-14T14:05:26","slug":"detiene-fiscalia-a-otro-presunta-lider-criminal-ahora-en-la-mixteca","status":"publish","type":"post","link":"https:\/\/zonaroja.com.mx\/?p=71372","title":{"rendered":"Detiene Fiscal\u00eda a otro presunta l\u00edder criminal, ahora en la Mixteca"},"content":{"rendered":"\n<p>Redacci\u00f3n\/Zona Roja.<\/p>\n\n\n\n<p>Oaxaca de Ju\u00e1rez, Oax. 14 agosto de 2024.- La Fiscal\u00eda General del Estado de Oaxaca (FGEO) ejecut\u00f3 una orden de aprehensi\u00f3n en contra de la persona del sexo femenino identificada como J.J.S., alias \u201cLa Pantera\u201d, por el delito de Robo Equiparado y Contra la Salud en su modalidad de Narcomenudeo en su hip\u00f3tesis de posesi\u00f3n simple de Cannabis Sativa o Marihuana, Metanfetamina y Coca\u00edna; esta persona es considerada un objetivo prioritario por su probable participaci\u00f3n en actividades delictivas en la regi\u00f3n de la Mixteca.<\/p>\n\n\n\n<p>La detenci\u00f3n de J.J.S., alias \u00abLa Pantera\u00bb, se llev\u00f3 a cabo durante un cateo realizado el 9 de agosto en un domicilio ubicado en la calle P\u00edpila de la colonia Esquipulas perteneciente a Huajuapan de Le\u00f3n.<\/p>\n\n\n\n<p>Durante la operaci\u00f3n policial, los elementos de la Agencia Estatal de Investigaci\u00f3n (AEI) de la Vicefiscal\u00eda Regional de la Mixteca, hallaron diversas bolsas con cristal, metanfetamina y cannabis sativa, tel\u00e9fonos m\u00f3viles, armas de fuego y una motocicleta con alteraciones en el n\u00famero de motor.<\/p>\n\n\n\n<p>En el desahogo de la audiencia inicial, el Juez de Control decret\u00f3 como legal la detenci\u00f3n de J.J.S., alias \u201cLa Pantera\u201d, adem\u00e1s que se comunic\u00f3 la imputaci\u00f3n, por lo que qued\u00f3 en prisi\u00f3n en lo que se resuelve su situaci\u00f3n jur\u00eddica.<\/p>\n\n\n\n<p>La Fiscal\u00eda General del Estado de Oaxaca aplica protocolos y t\u00e9cnicas de inteligencia como parte importante de los trabajos de investigaci\u00f3n para hacer m\u00e1s efectivas las labores ministeriales para la procuraci\u00f3n de justicia a favor de las v\u00edctimas y la sociedad.<\/p>\n","protected":false},"excerpt":{"rendered":"<p>Redacci\u00f3n\/Zona Roja. Oaxaca de Ju\u00e1rez, Oax. 14 agosto de 2024.- La Fiscal\u00eda General del Estado&hellip;<\/p>\n","protected":false},"author":2,"featured_media":71165,"comment_status":"closed","ping_status":"open","sticky":false,"template":"","format":"standard","meta":{"_lmt_disableupdate":"","_lmt_disable":"","_jetpack_memberships_contains_paid_content":false,"footnotes":""},"categories":[109,46],"tags":[494],"class_list":["post-71372","post","type-post","status-publish","format-standard","has-post-thumbnail","hentry","category-minuto-a-minuto","category-zona-blanca","tag-fiscalia-general-del-estado-de-oaxaca"],"jetpack_featured_media_url":"https:\/\/zonaroja.com.mx\/wp-content\/uploads\/2024\/08\/Fiscalia-AEI-agencia-estatal.jpeg","jetpack_sharing_enabled":true,"_links":{"self":[{"href":"https:\/\/zonaroja.com.mx\/index.php?rest_route=\/wp\/v2\/posts\/71372","targetHints":{"allow":["GET"]}}],"collection":[{"href":"https:\/\/zonaroja.com.mx\/index.php?rest_route=\/wp\/v2\/posts"}],"about":[{"href":"https:\/\/zonaroja.com.mx\/index.php?rest_route=\/wp\/v2\/types\/post"}],"author":[{"embeddable":true,"href":"https:\/\/zonaroja.com.mx\/index.php?rest_route=\/wp\/v2\/users\/2"}],"replies":[{"embeddable":true,"href":"https:\/\/zonaroja.com.mx\/index.php?rest_route=%2Fwp%2Fv2%2Fcomments&post=71372"}],"version-history":[{"count":1,"href":"https:\/\/zonaroja.com.mx\/index.php?rest_route=\/wp\/v2\/posts\/71372\/revisions"}],"predecessor-version":[{"id":71373,"href":"https:\/\/zonaroja.com.mx\/index.php?rest_route=\/wp\/v2\/posts\/71372\/revisions\/71373"}],"wp:featuredmedia":[{"embeddable":true,"href":"https:\/\/zonaroja.com.mx\/index.php?rest_route=\/wp\/v2\/media\/71165"}],"wp:attachment":[{"href":"https:\/\/zonaroja.com.mx\/index.php?rest_route=%2Fwp%2Fv2%2Fmedia&parent=71372"}],"wp:term":[{"taxonomy":"category","embeddable":true,"href":"https:\/\/zonaroja.com.mx\/index.php?rest_route=%2Fwp%2Fv2%2Fcategories&post=71372"},{"taxonomy":"post_tag","embeddable":true,"href":"https:\/\/zonaroja.com.mx\/index.php?rest_route=%2Fwp%2Fv2%2Ftags&post=71372"}],"curies":[{"name":"wp","href":"https:\/\/api.w.org\/{rel}","templated":true}]}}