{"id":71374,"date":"2024-08-14T12:30:00","date_gmt":"2024-08-14T18:30:00","guid":{"rendered":"https:\/\/zonaroja.com.mx\/?p=71374"},"modified":"2024-08-14T08:22:58","modified_gmt":"2024-08-14T14:22:58","slug":"piloto-acusado-de-trasladar-al-mayo-sigue-esperando-disculpa-de-amlo","status":"publish","type":"post","link":"https:\/\/zonaroja.com.mx\/?p=71374","title":{"rendered":"Piloto acusado de trasladar al \u201cMayo\u201d sigue esperando disculpa de AMLO"},"content":{"rendered":"\n<p>Redacci\u00f3n\/Zona Roja Cdmx.<\/p>\n\n\n\n<p>Ciudad de M\u00e9xico, a 14 de agosto de 2024.- Larry Curtis Parker, el piloto acusado de trasladar a Ismael \u00abEl Mayo\u00bb Zambada a Estados Unidos, pidi\u00f3 al presidente Andr\u00e9s Manuel L\u00f3pez Obrador que lo deslinde p\u00fablicamente de cualquier nexo con la ca\u00edda del capo mexicano, pues, asegur\u00f3, no tiene nada que ver con este hecho.<\/p>\n\n\n\n<p>Este martes, en entrevista escrita con Azucena Uresti para Radio F\u00f3rmula, Larry Curtis Parker, insisti\u00f3 en que nada tuvo que ver con la operaci\u00f3n de captura del capo mexicano, tal y como inform\u00f3 el gobierno de M\u00e9xico el pasado 26 de julio durante la conferencia de prensa ma\u00f1anera del presidente L\u00f3pez Obrador.<\/p>\n\n\n\n<p>\u00abMi esperanza es que simplemente limpien mi nombre p\u00fablicamente y me inviten a regresar a su pa\u00eds con los brazos abiertos\u00bb, apunt\u00f3 Curtis Parker.<\/p>\n\n\n\n<p>\u00abTodos cometemos errores en la vida, incluido yo mismo y creo que fue un error honesto por parte de las autoridades mexicanas y espero que lo corrijan\u00bb, agreg\u00f3.<\/p>\n\n\n\n<p>La declaraci\u00f3n del piloto estadounidense se da luego de que el pasado 26 de julio, un d\u00eda despu\u00e9s de que autoridades de EU confirmaron la captura del \u00abMayo\u00bb Zambada, durante la conferencia de prensa matutina del presidente L\u00f3pez Obrador la titular de la Secretar\u00eda de Seguridad Ciudadana, Rosa Icela Rodr\u00edguez, inform\u00f3 que el piloto que presuntamente traslad\u00f3 al \u00abMayo\u00bb hacia EU era Larry Curtis Parker.<\/p>\n\n\n\n<p>De acuerdo con Rosa Icela Rodr\u00edguez, el Instituto Nacional de Migraci\u00f3n entreg\u00f3 un informe en el que se detall\u00f3 que el pasado 25 de julio, entre las 7:10 y 7:31 horas, se present\u00f3 ante el agente federal de Migraci\u00f3n, en el \u00e1rea de Aviaci\u00f3n General del Aeropuerto Internacional de Hermosillo, un gestor de nombre Armando Ibarrolla, quien present\u00f3 el plan de vuelo para una aeronave de matr\u00edcula N8454Z, con programaci\u00f3n de salida a las 8:00 horas de la ma\u00f1ana del 25 de julio, el cual indicaba la salida al aeropuerto de Santa Teresa, Nuevo M\u00e9xico, EU.<\/p>\n\n\n\n<p>\u00abEl plan de vuelo indica un piloto a bordo de nombre Larry Curtis Parker, con la licencia respectiva. Y el gestor, en compa\u00f1\u00eda del piloto, de Larry Curtis Parker, present\u00f3 tambi\u00e9n su pasaporte. El nombre est\u00e1 arriba\u00bb, apunt\u00f3 la secretaria.<\/p>\n\n\n\n<p>La funcionaria agreg\u00f3 que a las 7:31 se ingres\u00f3 a migraci\u00f3n la informaci\u00f3n en M\u00e9xico de la salida del tripulante y la parte entr\u00f3 al sistema de flujo migratorio.<\/p>\n\n\n\n<p>La aeronave, precis\u00f3 la funcionaria, despeg\u00f3 alrededor de las 8:00 de la ma\u00f1ana y se efectu\u00f3 la coordinaci\u00f3n respectiva en el aeropuerto de Hermosillo, en donde dijo, \u00abse recibi\u00f3 la llamada telef\u00f3nica en donde se encuentra en resguardo las im\u00e1genes de las c\u00e1maras de seguridad del aeropuerto\u00bb.<\/p>\n\n\n\n<p>La aeronave, agreg\u00f3, despeg\u00f3 con un tripulante, un piloto, en este caso Larry Curtis Parker.<\/p>\n\n\n\n<p>La secretaria indic\u00f3 adem\u00e1s que el gobierno de M\u00e9xico ten\u00eda en su poder todo el seguimiento del piloto, las entradas y salidas a M\u00e9xico, \u00abque est\u00e1 en calidad de visitante, no est\u00e1 registrado como autoridad ni trabaja en la embajada, no se tiene como un piloto particular, como un visitante, ni siquiera es una calidad de migrante, solamente es de un piloto la informaci\u00f3n hasta el momento\u00bb, explic\u00f3.<\/p>\n\n\n\n<p>Detall\u00f3 adem\u00e1s que Larry Curtis Parker piloteaba una avioneta tipo Cessna 205.<\/p>\n\n\n\n<p>El pasado 27 de julio, la periodista Peniley Ram\u00edrez dio a conocer en su columna publicada en el peri\u00f3dico Reforma que el piloto Larry Curtis Parker la busc\u00f3 para deslindarse del caso.<\/p>\n\n\n\n<p>La periodista detall\u00f3 que Curtis Parker es en realidad un empresario estadounidense que suele viajar de Nuevo M\u00e9xico hacia Sonora, a bordo de una avioneta Cessna, pero que nada ten\u00eda que ver con la detenci\u00f3n del exl\u00edder del Cartel de Sinaloa.<\/p>\n\n\n\n<p>El mismo 25 de julio, el Departamento de Seguridad Nacional de los Estados Unidos, (DHS, por sus siglas en ingl\u00e9s), emiti\u00f3 un comunicado en que celebr\u00f3 el arresto de Ismael \u201cEl Mayo\u201d Zambada-Garc\u00eda y Joaqu\u00edn Guzm\u00e1n L\u00f3pez por las autoridades estadounidenses.<\/p>\n\n\n\n<p>En dicho comunicado, el DHS comparti\u00f3 dos fotograf\u00edas en donde agentes de la Oficina de Investigaciones de Seguridad Nacional (HSI) caminan hacia un avi\u00f3n para ejecutar el arresto del capo.<\/p>\n\n\n\n<p>En este caso, el avi\u00f3n no se trata de una avioneta tipo Cessna 205, sino de un avi\u00f3n m\u00e1s grande y lujoso tipo Beechcraft King Air turboprop.<\/p>\n\n\n\n<p>(Informaci\u00f3n de \u201cExpansi\u00f3n Pol\u00edtica\u201d)<\/p>\n","protected":false},"excerpt":{"rendered":"<p>Redacci\u00f3n\/Zona Roja Cdmx. Ciudad de M\u00e9xico, a 14 de agosto de 2024.- Larry Curtis Parker,&hellip;<\/p>\n","protected":false},"author":2,"featured_media":71047,"comment_status":"closed","ping_status":"open","sticky":false,"template":"","format":"standard","meta":{"_lmt_disableupdate":"","_lmt_disable":"","_jetpack_memberships_contains_paid_content":false,"footnotes":""},"categories":[109,47],"tags":[3847],"class_list":["post-71374","post","type-post","status-publish","format-standard","has-post-thumbnail","hentry","category-minuto-a-minuto","category-zona-gris","tag-ismael-el-mayo-zambada"],"jetpack_featured_media_url":"https:\/\/zonaroja.com.mx\/wp-content\/uploads\/2024\/08\/Avion-El-Mayo-Texas.jpeg","jetpack_sharing_enabled":true,"_links":{"self":[{"href":"https:\/\/zonaroja.com.mx\/index.php?rest_route=\/wp\/v2\/posts\/71374","targetHints":{"allow":["GET"]}}],"collection":[{"href":"https:\/\/zonaroja.com.mx\/index.php?rest_route=\/wp\/v2\/posts"}],"about":[{"href":"https:\/\/zonaroja.com.mx\/index.php?rest_route=\/wp\/v2\/types\/post"}],"author":[{"embeddable":true,"href":"https:\/\/zonaroja.com.mx\/index.php?rest_route=\/wp\/v2\/users\/2"}],"replies":[{"embeddable":true,"href":"https:\/\/zonaroja.com.mx\/index.php?rest_route=%2Fwp%2Fv2%2Fcomments&post=71374"}],"version-history":[{"count":1,"href":"https:\/\/zonaroja.com.mx\/index.php?rest_route=\/wp\/v2\/posts\/71374\/revisions"}],"predecessor-version":[{"id":71375,"href":"https:\/\/zonaroja.com.mx\/index.php?rest_route=\/wp\/v2\/posts\/71374\/revisions\/71375"}],"wp:featuredmedia":[{"embeddable":true,"href":"https:\/\/zonaroja.com.mx\/index.php?rest_route=\/wp\/v2\/media\/71047"}],"wp:attachment":[{"href":"https:\/\/zonaroja.com.mx\/index.php?rest_route=%2Fwp%2Fv2%2Fmedia&parent=71374"}],"wp:term":[{"taxonomy":"category","embeddable":true,"href":"https:\/\/zonaroja.com.mx\/index.php?rest_route=%2Fwp%2Fv2%2Fcategories&post=71374"},{"taxonomy":"post_tag","embeddable":true,"href":"https:\/\/zonaroja.com.mx\/index.php?rest_route=%2Fwp%2Fv2%2Ftags&post=71374"}],"curies":[{"name":"wp","href":"https:\/\/api.w.org\/{rel}","templated":true}]}}