{"id":71376,"date":"2024-08-14T14:25:00","date_gmt":"2024-08-14T20:25:00","guid":{"rendered":"https:\/\/zonaroja.com.mx\/?p=71376"},"modified":"2024-08-14T08:26:22","modified_gmt":"2024-08-14T14:26:22","slug":"cambio-climatico-llevo-al-extremo-incendios-forestales","status":"publish","type":"post","link":"https:\/\/zonaroja.com.mx\/?p=71376","title":{"rendered":"Cambio clim\u00e1tico llev\u00f3 al extremo incendios forestales"},"content":{"rendered":"\n<p>Redacci\u00f3n\/Zona Roja Cdmx.<\/p>\n\n\n\n<p>Ciudad de M\u00e9xico, a 14 de agosto de 2024.- El cambio clim\u00e1tico fue el motivo por el que los megaincendios de 2023-24 fueron tan extremos en dimensi\u00f3n, muertes, desplazamientos y destrucci\u00f3n de la naturaleza; y de no reducir dr\u00e1sticamente las emisiones de CO2 y desarrollar medidas de adaptaci\u00f3n, los fuegos ser\u00e1n m\u00e1s frecuentes los pr\u00f3ximos a\u00f1os.<\/p>\n\n\n\n<p>As\u00ed lo pone de manifiesto el informe \u201cEl Estado de los Incendios 2023\/24\u201d, recogido en la revista Earth System Science Data y realizado por cuatro prestigiosos centros brit\u00e1nicos, entre ellos su agencia nacional de meteorolog\u00eda.<\/p>\n\n\n\n<p>El estudio hace balance de los fuegos extremos ocurridos de marzo de 2023 a febrero de 2024, analiza sus causas y realiza proyecciones a futuro centr\u00e1ndose en los grandes incendios de esa temporada, ocurridos en Canad\u00e1, la Amazon\u00eda (especialmente en la parte brasile\u00f1a) y Grecia.<\/p>\n\n\n\n<p>En el caso de Canad\u00e1, se quemaron m\u00e1s de 150 mil kil\u00f3metros cuadrados, hubo que evacuar a 232 mil personas y ocho bomberos perdieron la vida.<\/p>\n\n\n\n<p>En el estado de Amazonas (Manaos, Brasil), en zonas vecinas de la Amazon\u00eda occidental, y en Chile, Bolivia, Colombia y Venezuela occidental hubo r\u00e9cord de incendios debido a una sequ\u00eda sin precedentes.<\/p>\n\n\n\n<p>En Grecia, el incendio de Evros quem\u00f3 unos 900 kil\u00f3metros cuadrados y fue el peor registrado nunca en Europa.<\/p>\n\n\n\n<p>Las peores cifras de muertes atribuibles al fuego en la pasada temporada de incendios se dieron en Chile (131 muertes), Haw\u00e1i (100), Argelia (34) y Grecia (19).<\/p>\n\n\n\n<p>TORMENTA PERFECTA<\/p>\n\n\n\n<p>Los cient\u00edficos han documentado c\u00f3mo la contaminaci\u00f3n humana causa una perversa retroalimentaci\u00f3n: el cambio clim\u00e1tico provoca m\u00e1s incendios y las quemas aumentan los niveles de CO2 en la atm\u00f3sfera causando m\u00e1s calentamiento.<\/p>\n\n\n\n<p>En la temporada 2023\/24, las emisiones de CO2 causadas por los incendios forestales fueron un 16 por ciento superiores a la media: con 8 mil 600 millones de toneladas de di\u00f3xido de carbono, la cifra m\u00e1s alta de contaminaci\u00f3n atmosf\u00e9rica atribuible al fuego desde 2003.<\/p>\n\n\n\n<p>La cifra total quemada por el fuego la pasada temporada, 3.9 millones de kil\u00f3metros cuadrados, estuvo en la media de las dos \u00faltimas d\u00e9cadas, por lo que el impacto tan negativo en las emisiones se debi\u00f3 a que los incendios se cebaron en los bosques densos, que adem\u00e1s son los que m\u00e1s tardan en recuperarse de las llamas (siglos en muchas ocasiones).<\/p>\n\n\n\n<p>Probabilidad de incendios<\/p>\n\n\n\n<p>El cambio clim\u00e1tico alimenta las condiciones c\u00e1lidas y secas que constituyen el caldo de cultivo de los incendios, y los investigadores subrayan que debido al calentamiento los fuegos extremos fueron 20 veces m\u00e1s probables de lo normal en la Amazon\u00eda la pasada temporada, tres veces m\u00e1s en Canad\u00e1 y dos veces m\u00e1s en Grecia.<\/p>\n\n\n\n<p>Adem\u00e1s, los investigadores han estudiado cu\u00e1l habr\u00eda sido la extensi\u00f3n de esos incendios sin el contexto de impactos clim\u00e1ticos en el que se produjeron, llegando a la conclusi\u00f3n de que hubiera sido un 18 por ciento menor de la que fue.<\/p>\n\n\n\n<p>En el caso de Canad\u00e1 y Grecia, la transformaci\u00f3n del paisaje por el hombre, con actividades como la agricultura, silvicultura o gesti\u00f3n forestal, ayud\u00f3 a frenar las llamas; mientras que en el caso de la Amazon\u00eda fue al contrario y la deforestaci\u00f3n o la degradaci\u00f3n del suelo por el hombre amplific\u00f3 la vulnerabilidad.<\/p>\n\n\n\n<p>De continuar en un escenario de altas emisiones, como el actual, los megaincendios ser\u00e1n 6 veces m\u00e1s frecuentes en Canad\u00e1 de aqu\u00ed a finales de siglo, 3 veces m\u00e1s en la Amazon\u00eda occidental y 2 veces m\u00e1s en Grecia.<\/p>\n\n\n\n<p>(Con informaci\u00f3n de EFE, en L\u00f3pez-D\u00f3riga Digital)<\/p>\n","protected":false},"excerpt":{"rendered":"<p>Redacci\u00f3n\/Zona Roja Cdmx. Ciudad de M\u00e9xico, a 14 de agosto de 2024.- El cambio clim\u00e1tico&hellip;<\/p>\n","protected":false},"author":2,"featured_media":65703,"comment_status":"closed","ping_status":"open","sticky":false,"template":"","format":"standard","meta":{"_lmt_disableupdate":"","_lmt_disable":"","_jetpack_memberships_contains_paid_content":false,"footnotes":""},"categories":[109,47],"tags":[3521],"class_list":["post-71376","post","type-post","status-publish","format-standard","has-post-thumbnail","hentry","category-minuto-a-minuto","category-zona-gris","tag-cambio-climatico"],"jetpack_featured_media_url":"https:\/\/zonaroja.com.mx\/wp-content\/uploads\/2024\/02\/Incendios-Sierra-Sur.jpeg","jetpack_sharing_enabled":true,"_links":{"self":[{"href":"https:\/\/zonaroja.com.mx\/index.php?rest_route=\/wp\/v2\/posts\/71376","targetHints":{"allow":["GET"]}}],"collection":[{"href":"https:\/\/zonaroja.com.mx\/index.php?rest_route=\/wp\/v2\/posts"}],"about":[{"href":"https:\/\/zonaroja.com.mx\/index.php?rest_route=\/wp\/v2\/types\/post"}],"author":[{"embeddable":true,"href":"https:\/\/zonaroja.com.mx\/index.php?rest_route=\/wp\/v2\/users\/2"}],"replies":[{"embeddable":true,"href":"https:\/\/zonaroja.com.mx\/index.php?rest_route=%2Fwp%2Fv2%2Fcomments&post=71376"}],"version-history":[{"count":1,"href":"https:\/\/zonaroja.com.mx\/index.php?rest_route=\/wp\/v2\/posts\/71376\/revisions"}],"predecessor-version":[{"id":71377,"href":"https:\/\/zonaroja.com.mx\/index.php?rest_route=\/wp\/v2\/posts\/71376\/revisions\/71377"}],"wp:featuredmedia":[{"embeddable":true,"href":"https:\/\/zonaroja.com.mx\/index.php?rest_route=\/wp\/v2\/media\/65703"}],"wp:attachment":[{"href":"https:\/\/zonaroja.com.mx\/index.php?rest_route=%2Fwp%2Fv2%2Fmedia&parent=71376"}],"wp:term":[{"taxonomy":"category","embeddable":true,"href":"https:\/\/zonaroja.com.mx\/index.php?rest_route=%2Fwp%2Fv2%2Fcategories&post=71376"},{"taxonomy":"post_tag","embeddable":true,"href":"https:\/\/zonaroja.com.mx\/index.php?rest_route=%2Fwp%2Fv2%2Ftags&post=71376"}],"curies":[{"name":"wp","href":"https:\/\/api.w.org\/{rel}","templated":true}]}}