{"id":71384,"date":"2024-08-14T14:51:02","date_gmt":"2024-08-14T20:51:02","guid":{"rendered":"https:\/\/zonaroja.com.mx\/?p=71384"},"modified":"2024-08-14T14:53:54","modified_gmt":"2024-08-14T20:53:54","slug":"caso-saxofonista-poder-judicial-absuelve-a-juan-antonio-vera-carrrizal-de-tentativa-de-feminicidio","status":"publish","type":"post","link":"https:\/\/zonaroja.com.mx\/?p=71384","title":{"rendered":"Caso saxofonista: Poder Judicial absuelve a Juan Antonio Vera Carrrizal de tentativa de feminicidio&nbsp;"},"content":{"rendered":"\n<p>Redacci\u00f3n\/Zona Roja.&nbsp;Foto: Archivo. <\/p>\n\n\n\n<p>Oaxaca de Ju\u00e1rez, Oax., a 14 de agosto de 20124.- El juez Jos\u00e9 Gabriel Ram\u00edrez Monta\u00f1o, del Tribunal Superior de Justicia de Oaxaca, absolvi\u00f3 hoy a Juan Antonio Vera Carrizal del delito de tentativa de feminicidio, que le inculp\u00f3 la saxofonista Mar\u00eda Elena Ruiz Ortiz.&nbsp;<\/p>\n\n\n\n<p>La determinaci\u00f3n se dio a conocer hoy tras la audiencia celebrada ayer por la tarde en la sede del juzgado ubicado en San Francisco Tanivet, Tlacolula de Matamoros.&nbsp;<\/p>\n\n\n\n<p>Tambi\u00e9n fueron declarados inocentes Rubicel H. R. y Rub\u00e9n L. C.; una tercera persona detenida y acusada por el mismo caso, hab\u00eda fallecido en prisi\u00f3n.&nbsp;<\/p>\n\n\n\n<p>Seg\u00fan se hab\u00eda dado a conocer por los abogados de la defensa y por distintos medios, la saxofonista ped\u00eda indemnizaci\u00f3n de 85 millones de pesos; sin embargo, no pudo acreditar sus acusaciones. <\/p>\n\n\n\n<p>Por lo que, tras cinco a\u00f1os del proceso, no solvent\u00f3 con pruebas sus dichos contra Vera Carrizal y dem\u00e1s personas se\u00f1aladas.&nbsp;<\/p>\n\n\n\n<p>Horas antes de la resoluci\u00f3n, en una medida desesperada, la presunta v\u00edctima utiliz\u00f3 sus redes sociales para denostar al juez Jos\u00e9 Gabriel Ram\u00edrez Monta\u00f1o, se\u00f1al\u00e1ndolo de corrupto, lo mismo que a la titular del Tribunal Superior de Justicia del Estado, a quien llam\u00f3 vendida.&nbsp;<\/p>\n\n\n\n<p>Adem\u00e1s acus\u00f3 al aparato gubernamental de estar detr\u00e1s del caso.&nbsp;<\/p>\n\n\n\n<p>\u201cLa representaci\u00f3n social con las pruebas aportadas no logr\u00f3 destruir la presunci\u00f3n de inocencia que tienen los acusados y como consecuencia de ello he resuelto absolver a Rubicel Hern\u00e1ndez R\u00edos, Juan Antonio Vera Carrizal y a Loaeza Ch\u00e1vez, de la denuncia en su contra que formul\u00f3 el agente del Ministerio P\u00fablico por el delito de feminicidio en grado de tentativa que se dijo cometido en agravio de Mar\u00eda Elena R\u00edos Ortiz.&nbsp;<\/p>\n\n\n\n<p>\u201cEn consecuencia, queda en inmediata libertad y queda sin efecto la medida cautelar de prisi\u00f3n preventiva que se les impuso en la presente causa penal, as\u00ed tambi\u00e9n se ordena el levantamiento de todo embargo precautorio que se haya decretado en contra de los ahora absueltos\u201d, se\u00f1al\u00f3 el juez.&nbsp;<\/p>\n\n\n\n<p>REPROCHAN MEDIDA<\/p>\n\n\n\n<p>A trav\u00e9s de sus redes sociales, el gobernador de Oaxaca, Salom\u00f3n Jara Cruz, reproch\u00f3 la determinaci\u00f3n:<\/p>\n\n\n\n<p>\u201c&nbsp;La terrible absoluci\u00f3n y liberaci\u00f3n de Juan Antonio Vera Carrizal, es una muestra m\u00e1s de la corrupci\u00f3n y putrefacci\u00f3n del Poder Judicial. Condeno en\u00e9rgicamente el fallo de un juez criminal y c\u00f3mplice del victimario, que lastima a la justicia y a todas las v\u00edctimas de la violencia feminicida. Es hora de reformar el Poder Judicial para que en Oaxaca no prevalezca la impunidad\u201d, difundi\u00f3.&nbsp;<\/p>\n\n\n\n<p>Tambi\u00e9n el fiscal General del Estado, Bernardo Rodr\u00edguez Alamilla, lament\u00f3 la decisi\u00f3n judicial:<\/p>\n\n\n\n<p>\u201cEn mi calidad de Fiscal General del Estado de Oaxaca, condeno en\u00e9rgicamente la absurda resoluci\u00f3n emitida por el juez Jos\u00e9 Gabriel Ram\u00edrez Monta\u00f1o, mediante la cual, Juan Antonio V.C, Rubicel H.R y Ruben L.C quedan en libertad.<\/p>\n\n\n\n<p>\u201cLa determinaci\u00f3n es una flagrante violaci\u00f3n al derecho a la justicia de la v\u00edctima y deja un precedente de impunidad en nuestra entidad, que cuestiona el actuar del Poder Judicial en su deber de garantizar el acceso de todas las mujeres v\u00edctimas a gozar de justicia, verdad y reparaci\u00f3n.<\/p>\n\n\n\n<p>\u201cDesde la Fiscal\u00eda realizaremos todas las acciones jur\u00eddicas para contravenir esta determinaci\u00f3n. Nuestro compromiso ha sido, es y ser\u00e1 con las mujeres\u201d.&nbsp;<\/p>\n","protected":false},"excerpt":{"rendered":"<p>Redacci\u00f3n\/Zona Roja.&nbsp;Foto: Archivo. Oaxaca de Ju\u00e1rez, Oax., a 14 de agosto de 20124.- El juez&hellip;<\/p>\n","protected":false},"author":2,"featured_media":71383,"comment_status":"closed","ping_status":"open","sticky":false,"template":"","format":"standard","meta":{"_lmt_disableupdate":"","_lmt_disable":"","_jetpack_memberships_contains_paid_content":false,"footnotes":""},"categories":[109,46],"tags":[],"class_list":["post-71384","post","type-post","status-publish","format-standard","has-post-thumbnail","hentry","category-minuto-a-minuto","category-zona-blanca"],"jetpack_featured_media_url":"https:\/\/zonaroja.com.mx\/wp-content\/uploads\/2024\/08\/24046bee-f501-4b23-9e83-6adfd7d0a846-1.jpg","jetpack_sharing_enabled":true,"_links":{"self":[{"href":"https:\/\/zonaroja.com.mx\/index.php?rest_route=\/wp\/v2\/posts\/71384","targetHints":{"allow":["GET"]}}],"collection":[{"href":"https:\/\/zonaroja.com.mx\/index.php?rest_route=\/wp\/v2\/posts"}],"about":[{"href":"https:\/\/zonaroja.com.mx\/index.php?rest_route=\/wp\/v2\/types\/post"}],"author":[{"embeddable":true,"href":"https:\/\/zonaroja.com.mx\/index.php?rest_route=\/wp\/v2\/users\/2"}],"replies":[{"embeddable":true,"href":"https:\/\/zonaroja.com.mx\/index.php?rest_route=%2Fwp%2Fv2%2Fcomments&post=71384"}],"version-history":[{"count":2,"href":"https:\/\/zonaroja.com.mx\/index.php?rest_route=\/wp\/v2\/posts\/71384\/revisions"}],"predecessor-version":[{"id":71386,"href":"https:\/\/zonaroja.com.mx\/index.php?rest_route=\/wp\/v2\/posts\/71384\/revisions\/71386"}],"wp:featuredmedia":[{"embeddable":true,"href":"https:\/\/zonaroja.com.mx\/index.php?rest_route=\/wp\/v2\/media\/71383"}],"wp:attachment":[{"href":"https:\/\/zonaroja.com.mx\/index.php?rest_route=%2Fwp%2Fv2%2Fmedia&parent=71384"}],"wp:term":[{"taxonomy":"category","embeddable":true,"href":"https:\/\/zonaroja.com.mx\/index.php?rest_route=%2Fwp%2Fv2%2Fcategories&post=71384"},{"taxonomy":"post_tag","embeddable":true,"href":"https:\/\/zonaroja.com.mx\/index.php?rest_route=%2Fwp%2Fv2%2Ftags&post=71384"}],"curies":[{"name":"wp","href":"https:\/\/api.w.org\/{rel}","templated":true}]}}