{"id":71393,"date":"2024-08-14T21:33:02","date_gmt":"2024-08-15T03:33:02","guid":{"rendered":"https:\/\/zonaroja.com.mx\/?p=71393"},"modified":"2024-08-14T21:33:04","modified_gmt":"2024-08-15T03:33:04","slug":"la-oms-declara-de-nuevo-emergencia-internacional-al-viruela-del-mono","status":"publish","type":"post","link":"https:\/\/zonaroja.com.mx\/?p=71393","title":{"rendered":"La OMS declara de nuevo emergencia internacional al viruela del mono"},"content":{"rendered":"\n<p>Redacci\u00f3n\/Zona Roja Cdmx.<\/p>\n\n\n\n<p>Ciudad de M\u00e9xico, a 14 de agosto de 2024.- La Organizaci\u00f3n Mundial de la Salud (OMS) declar\u00f3 este mi\u00e9rcoles al actual brote de mpox (conocido antes como viruela del mono) en la Rep\u00fablica Democr\u00e1tica del Congo (CDC), y que se ha extendido a otros pa\u00edses cercanos, como una emergencia de salud p\u00fablica de alcance internacional.<\/p>\n\n\n\n<p>La Organizaci\u00f3n Mundial de la Salud (OMS) declar\u00f3 este mi\u00e9rcoles al actual brote de mpox (conocido antes como viruela del mono) en la Rep\u00fablica Democr\u00e1tica del Congo (CDC), y que se ha extendido a otros pa\u00edses cercanos, como una emergencia de salud p\u00fablica de alcance internacional.<\/p>\n\n\n\n<p>Esta es la segunda vez en dos a\u00f1os que se considera que esta enfermedad infecciosa puede convertirse en una amenaza sanitaria internacional, una alerta que inicialmente se levant\u00f3 en mayo del a\u00f1o pasado tras contenerse su propagaci\u00f3n y considerarse que la situaci\u00f3n estaba bajo control.<\/p>\n\n\n\n<p>En ese brote, los casos llegaron hasta Europa y Norteam\u00e9rica.<\/p>\n\n\n\n<p>La semana pasada la OMS inst\u00f3 a convocar una reuni\u00f3n del Comit\u00e9 de Emergencias en relaci\u00f3n con los brotes de mpox.<\/p>\n\n\n\n<p>Esto ante el aumento considerable de casos de mpox en Africa en meses recientes, una din\u00e1mica que el Comit\u00e9 examinar\u00eda para determinar su gravedad y su potencial impacto en otros pa\u00edses de continente y del resto del mundo.<\/p>\n\n\n\n<p>\u201cEstamos viendo una expansi\u00f3n del brote en el continente, en la Rep\u00fablica Democr\u00e1tica del Congo, pero tambi\u00e9n en ciertos pa\u00edses circundantes de las regi\u00f3n \u201c, declar\u00f3 en Ginebra la directora de Prevenci\u00f3n y Preparaci\u00f3n para Epidemias y Pandemias de la OMS, Maria Van Kerkhove.<\/p>\n\n\n\n<p>(Con informaci\u00f3n de EFE, en Forbes M\u00e9xico)<\/p>\n","protected":false},"excerpt":{"rendered":"<p>Redacci\u00f3n\/Zona Roja Cdmx. Ciudad de M\u00e9xico, a 14 de agosto de 2024.- La Organizaci\u00f3n Mundial&hellip;<\/p>\n","protected":false},"author":2,"featured_media":71397,"comment_status":"closed","ping_status":"open","sticky":false,"template":"","format":"standard","meta":{"_lmt_disableupdate":"","_lmt_disable":"","_jetpack_memberships_contains_paid_content":false,"footnotes":""},"categories":[109,47],"tags":[3161],"class_list":["post-71393","post","type-post","status-publish","format-standard","has-post-thumbnail","hentry","category-minuto-a-minuto","category-zona-gris","tag-viruela-del-mono"],"jetpack_featured_media_url":"https:\/\/zonaroja.com.mx\/wp-content\/uploads\/2024\/08\/Viruela-del-mono.jpg","jetpack_sharing_enabled":true,"_links":{"self":[{"href":"https:\/\/zonaroja.com.mx\/index.php?rest_route=\/wp\/v2\/posts\/71393","targetHints":{"allow":["GET"]}}],"collection":[{"href":"https:\/\/zonaroja.com.mx\/index.php?rest_route=\/wp\/v2\/posts"}],"about":[{"href":"https:\/\/zonaroja.com.mx\/index.php?rest_route=\/wp\/v2\/types\/post"}],"author":[{"embeddable":true,"href":"https:\/\/zonaroja.com.mx\/index.php?rest_route=\/wp\/v2\/users\/2"}],"replies":[{"embeddable":true,"href":"https:\/\/zonaroja.com.mx\/index.php?rest_route=%2Fwp%2Fv2%2Fcomments&post=71393"}],"version-history":[{"count":1,"href":"https:\/\/zonaroja.com.mx\/index.php?rest_route=\/wp\/v2\/posts\/71393\/revisions"}],"predecessor-version":[{"id":71398,"href":"https:\/\/zonaroja.com.mx\/index.php?rest_route=\/wp\/v2\/posts\/71393\/revisions\/71398"}],"wp:featuredmedia":[{"embeddable":true,"href":"https:\/\/zonaroja.com.mx\/index.php?rest_route=\/wp\/v2\/media\/71397"}],"wp:attachment":[{"href":"https:\/\/zonaroja.com.mx\/index.php?rest_route=%2Fwp%2Fv2%2Fmedia&parent=71393"}],"wp:term":[{"taxonomy":"category","embeddable":true,"href":"https:\/\/zonaroja.com.mx\/index.php?rest_route=%2Fwp%2Fv2%2Fcategories&post=71393"},{"taxonomy":"post_tag","embeddable":true,"href":"https:\/\/zonaroja.com.mx\/index.php?rest_route=%2Fwp%2Fv2%2Ftags&post=71393"}],"curies":[{"name":"wp","href":"https:\/\/api.w.org\/{rel}","templated":true}]}}