{"id":71399,"date":"2024-08-15T06:45:58","date_gmt":"2024-08-15T12:45:58","guid":{"rendered":"https:\/\/zonaroja.com.mx\/?p=71399"},"modified":"2024-08-15T06:46:00","modified_gmt":"2024-08-15T12:46:00","slug":"impide-poder-judicial-salida-de-vera-carrizal-viola-la-ley-abogados","status":"publish","type":"post","link":"https:\/\/zonaroja.com.mx\/?p=71399","title":{"rendered":"Impide Poder Judicial salida de Vera Carrizal; viola la ley: abogados"},"content":{"rendered":"\n<p>Ismael Garc\u00eda M.\/Zona Roja.<\/p>\n\n\n\n<p>Oaxaca de Ju\u00e1rez, Oax., a 15 de agosto de 2024.- El Consejo de la Judicatura del Poder Judicial de Oaxaca orden\u00f3 anoche mantener en prisi\u00f3n preventiva a Juan Antonio Vera Carrizal y dos personas m\u00e1s, pese a que un juez local decret\u00f3 la absoluci\u00f3n de los tres acusados de tentativa de feminicidio en contra de Mar\u00eda Elena R. O.<\/p>\n\n\n\n<p>Ante ello, tambi\u00e9n anoche, los abogados de los imputados consideraron como injusta la medida judicial y anunciaron que acudieron a la justicia federal y obtuvieron una suspensi\u00f3n de amparo para que cese la privaci\u00f3n de la libertad.<\/p>\n\n\n\n<p>La revocaci\u00f3n de la boleta de libertad \u201cEs risible, es rid\u00edcula, no est\u00e1 apegada a derecho; sin ser abogado, sin tener conocimiento jur\u00eddico, nos podemos dar cuenta que es una falta terrible al debido proceso.<\/p>\n\n\n\n<p>\u201cEs un mensaje que nos manda el Tribunal Superior de Justicia que es peligroso, un mensaje que en Oaxaca no hay justicia, que la presidenta del Tribunal (fulana) puede disponer de la libertad de las personas a su modo, a su antojo; ese es el mensaje que nos mandan\u201d, reproch\u00f3 \u00c9dgar L\u00f3pez Garc\u00eda.<\/p>\n\n\n\n<p>Informaron que tienen el suficiente respaldo de la sociedad y de la comunidad jur\u00eddica y este jueves habr\u00e1 un posicionamiento por parte de diversos abogados y organismos civiles para reprochar la determinaci\u00f3n del Poder Judicial.<\/p>\n\n\n\n<p>LA REVERSA<\/p>\n\n\n\n<p>Por otra parte, en un documento emitido anoche, la jueza sustituta del Tribunal de Enjuiciamiento del Circuito Judicial de la Mixteca, con sede en Huajuapan de Le\u00f3n, Mar\u00eda Antonia Esteva Dom\u00ednguez, pidi\u00f3 por escrito al director del Centro de Reinserci\u00f3n Social Varonil de San Francisco Tanivet, Tlacolula, no permitir la salida de los tres detenidos.<\/p>\n\n\n\n<p>\u201cEn atenci\u00f3n al acuerdo dictado en la casa penal ya mencionada (533\/2019), que se sigue en contra de Ruvicel Hern\u00e1ndez R\u00edos, Juan Antonio Vera Carrizal y Rub\u00e9n Loaeza Charrez, como probables responsables del hecho que la ley se\u00f1ala como el delito de feminicidio en grado de tentativa, cometido en agravio de una mujer de identidad reservada de iniciales M. E. R. O., con el presente me permito informar lo siguiente:<\/p>\n\n\n\n<p>\u201cQueda sin efecto boleta de libertad que fue ordenada a favor de los imputados antes mencionados y se ordena permita el ingreso de los mismos para que contin\u00faen con la medida cautelar originalmente impuesta en esta causa penal, esto, en atenci\u00f3n al acuerdo emitido con fecha catorce de agosto de 2024\u201d, refiere el oficio del Consejo de la Judicatura.<\/p>\n\n\n\n<p>Por lo tanto, hasta este jueves las tres personas se\u00f1aladas contin\u00faan en prisi\u00f3n y hasta el momento el Poder Judicial no ha determinado las razones por las cuales impidi\u00f3 la libertad.<\/p>\n","protected":false},"excerpt":{"rendered":"<p>Ismael Garc\u00eda M.\/Zona Roja. Oaxaca de Ju\u00e1rez, Oax., a 15 de agosto de 2024.- El&hellip;<\/p>\n","protected":false},"author":2,"featured_media":71400,"comment_status":"closed","ping_status":"open","sticky":false,"template":"","format":"standard","meta":{"_lmt_disableupdate":"","_lmt_disable":"","_jetpack_memberships_contains_paid_content":false,"footnotes":""},"categories":[109,47],"tags":[1144],"class_list":["post-71399","post","type-post","status-publish","format-standard","has-post-thumbnail","hentry","category-minuto-a-minuto","category-zona-gris","tag-juan-antonio-vera-carrizal"],"jetpack_featured_media_url":"https:\/\/zonaroja.com.mx\/wp-content\/uploads\/2024\/08\/Caso-Vera-Carrizal-abogados-Consejo-Judicatura.jpg","jetpack_sharing_enabled":true,"_links":{"self":[{"href":"https:\/\/zonaroja.com.mx\/index.php?rest_route=\/wp\/v2\/posts\/71399","targetHints":{"allow":["GET"]}}],"collection":[{"href":"https:\/\/zonaroja.com.mx\/index.php?rest_route=\/wp\/v2\/posts"}],"about":[{"href":"https:\/\/zonaroja.com.mx\/index.php?rest_route=\/wp\/v2\/types\/post"}],"author":[{"embeddable":true,"href":"https:\/\/zonaroja.com.mx\/index.php?rest_route=\/wp\/v2\/users\/2"}],"replies":[{"embeddable":true,"href":"https:\/\/zonaroja.com.mx\/index.php?rest_route=%2Fwp%2Fv2%2Fcomments&post=71399"}],"version-history":[{"count":1,"href":"https:\/\/zonaroja.com.mx\/index.php?rest_route=\/wp\/v2\/posts\/71399\/revisions"}],"predecessor-version":[{"id":71401,"href":"https:\/\/zonaroja.com.mx\/index.php?rest_route=\/wp\/v2\/posts\/71399\/revisions\/71401"}],"wp:featuredmedia":[{"embeddable":true,"href":"https:\/\/zonaroja.com.mx\/index.php?rest_route=\/wp\/v2\/media\/71400"}],"wp:attachment":[{"href":"https:\/\/zonaroja.com.mx\/index.php?rest_route=%2Fwp%2Fv2%2Fmedia&parent=71399"}],"wp:term":[{"taxonomy":"category","embeddable":true,"href":"https:\/\/zonaroja.com.mx\/index.php?rest_route=%2Fwp%2Fv2%2Fcategories&post=71399"},{"taxonomy":"post_tag","embeddable":true,"href":"https:\/\/zonaroja.com.mx\/index.php?rest_route=%2Fwp%2Fv2%2Ftags&post=71399"}],"curies":[{"name":"wp","href":"https:\/\/api.w.org\/{rel}","templated":true}]}}