{"id":7140,"date":"2019-12-30T21:25:11","date_gmt":"2019-12-31T03:25:11","guid":{"rendered":"http:\/\/www.zonaroja.com.mx\/?p=7140"},"modified":"2019-12-30T21:25:15","modified_gmt":"2019-12-31T03:25:15","slug":"lunes-rojo-en-oaxaca-11-asesinados-entre-ellos-dos-mujeres-dos-asaltos-cuantiosos","status":"publish","type":"post","link":"https:\/\/zonaroja.com.mx\/?p=7140","title":{"rendered":"Lunes rojo en Oaxaca: 11 asesinados, entre ellos dos mujeres; dos asaltos cuantiosos"},"content":{"rendered":"\n<p>Ismael Garc\u00eda M.\/Zona Roja.<\/p>\n\n\n\n<p>Oaxaca de Ju\u00e1rez, Oax., 30 de diciembre\nde 2019.- Al menos 11 personas, entre ellas dos mujeres, fueron asesinadas por\ndisparos de arma de fuego en distintas regiones de Oaxaca. Asimismo, en la\ncapital se perpetraron dos cuantiosos asaltos; en todos los casos no hay\npersonas detenidas.<\/p>\n\n\n\n<p>La cuenta fatal comenz\u00f3 en El Espinal,\nmunicipio de la regi\u00f3n del Istmo de Tehuantepec, donde fueron ultimados a\nbalazos un hombre y una mujer, identificados como Anita Vel\u00e1squez Noriega y\nHer\u00f3n Ram\u00edrez.<\/p>\n\n\n\n<p>Presuntamente todo deriv\u00f3 de un asalto,\na la entrada de un rancho cerca del canal de agua n\u00famero 33, en el tramo\ncarretero El Espinal-Juchit\u00e1n.<\/p>\n\n\n\n<p>Mientras que en la Heroica Ciudad de Tlaxiaco, alrededor de las 08:30 horas se perpetr\u00f3 un asalto a la ferretera \u201cRosbeo\u201d, ubicada en la calle Porfirio D\u00edaz del centro de dicha ciudad Mixteca.<\/p>\n\n\n\n<figure class=\"wp-block-image\"><img decoding=\"async\" width=\"1024\" height=\"471\" src=\"http:\/\/www.zonaroja.com.mx\/wp-content\/uploads\/2019\/12\/Asalto-tlaxiaco-1024x471.jpg\" alt=\"\" class=\"wp-image-7141\" srcset=\"https:\/\/zonaroja.com.mx\/wp-content\/uploads\/2019\/12\/Asalto-tlaxiaco-1024x471.jpg 1024w, https:\/\/zonaroja.com.mx\/wp-content\/uploads\/2019\/12\/Asalto-tlaxiaco-300x138.jpg 300w, https:\/\/zonaroja.com.mx\/wp-content\/uploads\/2019\/12\/Asalto-tlaxiaco-768x353.jpg 768w, https:\/\/zonaroja.com.mx\/wp-content\/uploads\/2019\/12\/Asalto-tlaxiaco-585x269.jpg 585w, https:\/\/zonaroja.com.mx\/wp-content\/uploads\/2019\/12\/Asalto-tlaxiaco.jpg 1080w\" sizes=\"(max-width: 1024px) 100vw, 1024px\" \/><\/figure>\n\n\n\n<p>La negociaci\u00f3n es propiedad del regidor\nde Benjam\u00edn Robles Pacheco y fueron su esposa y su hijo quienes salieron a\nhacer frente a tres presuntos delincuentes armados; sin embargo, fueron\nlesionados de bala.<\/p>\n\n\n\n<p>Otro elemento de la familia logr\u00f3 abatir\na dos sujetos y uno m\u00e1s hu\u00eda, cuando fue capturado.<\/p>\n\n\n\n<p>Mientras que un paraje cercano al municipio de Reforma de Pineda, regi\u00f3n del Istmo, en un veh\u00edculo marca Volkswagen tipo Jetta, color rojo, con placas de circulaci\u00f3n NAL-9367 del Estado de M\u00e9xico, con varios impactos de arma de fuego, fueron hallados cuatro cuerpos, cuya identidad se ignora hasta el momento.<\/p>\n\n\n\n<figure class=\"wp-block-image\"><img decoding=\"async\" width=\"1024\" height=\"768\" src=\"http:\/\/www.zonaroja.com.mx\/wp-content\/uploads\/2019\/12\/Ejecutados-Reforma-de-Pineda-1024x768.jpg\" alt=\"\" class=\"wp-image-7142\" srcset=\"https:\/\/zonaroja.com.mx\/wp-content\/uploads\/2019\/12\/Ejecutados-Reforma-de-Pineda-1024x768.jpg 1024w, https:\/\/zonaroja.com.mx\/wp-content\/uploads\/2019\/12\/Ejecutados-Reforma-de-Pineda-300x225.jpg 300w, https:\/\/zonaroja.com.mx\/wp-content\/uploads\/2019\/12\/Ejecutados-Reforma-de-Pineda-768x576.jpg 768w, https:\/\/zonaroja.com.mx\/wp-content\/uploads\/2019\/12\/Ejecutados-Reforma-de-Pineda-1170x878.jpg 1170w, https:\/\/zonaroja.com.mx\/wp-content\/uploads\/2019\/12\/Ejecutados-Reforma-de-Pineda-585x439.jpg 585w, https:\/\/zonaroja.com.mx\/wp-content\/uploads\/2019\/12\/Ejecutados-Reforma-de-Pineda.jpg 1280w\" sizes=\"(max-width: 1024px) 100vw, 1024px\" \/><\/figure>\n\n\n\n<p>En jurisdicci\u00f3n de San Juan Bautista\nTuxtepec, en un presunto asalto a una camioneta de pasajeros que cubr\u00eda la ruta\nSan Pedro Ixcatl\u00e1n-Tuxtepec, fueron asesinadas dos personas, un hombre y una\nmujer, hasta ahora de identidad desconocida.<\/p>\n\n\n\n<p>Tambi\u00e9n en Tuxtepec pero en un domicilio\nde la calle Caoba esquina Pochote, Sector 1, un individuo fue atacado a\nbalazos; fue identificado como Tino N., quien fue trasladado a un hospital.<\/p>\n\n\n\n<p>Mientras que en San Bartolom\u00e9 Loxicha, regi\u00f3n Sierra Sur, fue ultimado a machetazos Juan R. G.; el cuerpo fue hallado la madrugada de hoy sobre la calle de Morelos.<\/p>\n\n\n\n<figure class=\"wp-block-embed-twitter wp-block-embed is-type-rich is-provider-twitter\"><div class=\"wp-block-embed__wrapper\">\n<div class=\"twitter-tweet\"><blockquote class=\"twitter-tweet\" data-lang=\"es\"><p lang=\"es\" dir=\"ltr\"><a href=\"https:\/\/twitter.com\/hashtag\/OaxacaRojo?src=hash&amp;ref_src=twsrc%5Etfw\">#OaxacaRojo<\/a><br>En pleno Centro Hist\u00f3rico de la capital oaxaque\u00f1a el asalto a mano armada a Daniel M.I., empleado de Edificaciones \u201cBulmaro\u201d, a quien le robaron $308 mil; no lograron disparar el arma pues la bala cay\u00f3 al piso al momento de accionar. No hay detenidos. <a href=\"https:\/\/twitter.com\/nathanoax?ref_src=twsrc%5Etfw\">@nathanoax<\/a> <a href=\"https:\/\/t.co\/QJsn1HbvzX\">pic.twitter.com\/QJsn1HbvzX<\/a><\/p>&mdash; Zona Roja Oaxaca (@MexRoja) <a href=\"https:\/\/twitter.com\/MexRoja\/status\/1211786528462118912?ref_src=twsrc%5Etfw\">30 de diciembre de 2019<\/a><\/blockquote><\/div>\n<\/div><\/figure>\n\n\n\n<p>ASALTOS ARMADOS<\/p>\n\n\n\n<p>Por otra parte, alrededor de las 13:00\nhoras una mujer fue asaltada en la calle prolongaci\u00f3n de Melchor Ocampo esquina\nPerif\u00e9rico; la joven supuestamente hab\u00eda retirado 50 mil pesos del banco\nBanorte, ubicado a unos 100 metros, cuando fue interceptada por al menos tres\npersonas, que le arrebataron el dinero.<\/p>\n\n\n\n<p>En tanto que minutos despu\u00e9s de las\n14:00 horas, en la calle Abasolo, entre Reforma y avenida Ju\u00e1rez, un trabajador\nde la empresa Edificaciones \u201cBulmaro\u201d, identificado como Daniel Mu\u00f1oz Ignacio,\nfue interceptado por sujetos armados a bordo de un veh\u00edculo, que le arrebataron\n308 mil pesos.<\/p>\n\n\n\n<p>Los sujetos intentaron dispararle, pero\nla bala cay\u00f3 al piso al momento de accionar el arma; tras ello los presuntos\nasaltantes se dieron a la fuga.<\/p>\n","protected":false},"excerpt":{"rendered":"<p>Ismael Garc\u00eda M.\/Zona Roja. Oaxaca de Ju\u00e1rez, Oax., 30 de diciembre de 2019.- Al menos&hellip;<\/p>\n","protected":false},"author":2,"featured_media":7143,"comment_status":"closed","ping_status":"open","sticky":false,"template":"","format":"standard","meta":{"_lmt_disableupdate":"","_lmt_disable":"","_jetpack_memberships_contains_paid_content":false,"footnotes":""},"categories":[109,51],"tags":[1088,643,118],"class_list":["post-7140","post","type-post","status-publish","format-standard","has-post-thumbnail","hentry","category-minuto-a-minuto","category-zona-roja","tag-el-espinal","tag-heroica-ciudad-de-tlaxiaco","tag-san-juan-bautista-tuxtepec"],"jetpack_featured_media_url":"https:\/\/zonaroja.com.mx\/wp-content\/uploads\/2019\/12\/Ejecutados-El-Espinal.jpg","jetpack_sharing_enabled":true,"_links":{"self":[{"href":"https:\/\/zonaroja.com.mx\/index.php?rest_route=\/wp\/v2\/posts\/7140","targetHints":{"allow":["GET"]}}],"collection":[{"href":"https:\/\/zonaroja.com.mx\/index.php?rest_route=\/wp\/v2\/posts"}],"about":[{"href":"https:\/\/zonaroja.com.mx\/index.php?rest_route=\/wp\/v2\/types\/post"}],"author":[{"embeddable":true,"href":"https:\/\/zonaroja.com.mx\/index.php?rest_route=\/wp\/v2\/users\/2"}],"replies":[{"embeddable":true,"href":"https:\/\/zonaroja.com.mx\/index.php?rest_route=%2Fwp%2Fv2%2Fcomments&post=7140"}],"version-history":[{"count":1,"href":"https:\/\/zonaroja.com.mx\/index.php?rest_route=\/wp\/v2\/posts\/7140\/revisions"}],"predecessor-version":[{"id":7144,"href":"https:\/\/zonaroja.com.mx\/index.php?rest_route=\/wp\/v2\/posts\/7140\/revisions\/7144"}],"wp:featuredmedia":[{"embeddable":true,"href":"https:\/\/zonaroja.com.mx\/index.php?rest_route=\/wp\/v2\/media\/7143"}],"wp:attachment":[{"href":"https:\/\/zonaroja.com.mx\/index.php?rest_route=%2Fwp%2Fv2%2Fmedia&parent=7140"}],"wp:term":[{"taxonomy":"category","embeddable":true,"href":"https:\/\/zonaroja.com.mx\/index.php?rest_route=%2Fwp%2Fv2%2Fcategories&post=7140"},{"taxonomy":"post_tag","embeddable":true,"href":"https:\/\/zonaroja.com.mx\/index.php?rest_route=%2Fwp%2Fv2%2Ftags&post=7140"}],"curies":[{"name":"wp","href":"https:\/\/api.w.org\/{rel}","templated":true}]}}