{"id":71402,"date":"2024-08-15T08:30:00","date_gmt":"2024-08-15T14:30:00","guid":{"rendered":"https:\/\/zonaroja.com.mx\/?p=71402"},"modified":"2024-08-15T06:54:34","modified_gmt":"2024-08-15T12:54:34","slug":"inviable-el-proyecto-de-agua-paso-ancho-dicen-ongs","status":"publish","type":"post","link":"https:\/\/zonaroja.com.mx\/?p=71402","title":{"rendered":"Inviable, el proyecto de agua \u201cPaso Ancho\u201d, dicen ONG\u2019s"},"content":{"rendered":"\n<p>Raymundo Morales\/Zona Roja.<\/p>\n\n\n\n<p>Oaxaca de Ju\u00e1rez, Oax., a 15 de agosto de 2024.- Organismos de la sociedad civil calificaron como inviable, obsoleto, \u201czombie\u201d y destinado al fracaso el proyecto \u201cPaso Ancho\u201d para traer agua potable de la Sierra Sur a la zona metropolitana de la ciudad de Oaxaca.<\/p>\n\n\n\n<p>Dicha iniciativa fue impulsada en el sexenio de Gabino Cu\u00e9 Monteagudo, en que Netzahualc\u00f3yotl Salvatierra L\u00f3pez, actual secretario de las Infraestructuras estatal, fung\u00eda en el mismo cargo.<\/p>\n\n\n\n<p>En ese periodo de gobierno, la iniciativa fue abandonada, tras las sanciones impuestas por la Procuradur\u00eda Federal de Protecci\u00f3n al Ambiente por da\u00f1os y por un a\u00f1ejo conflicto agrario; asimismo, se invirtieron alrededor de cuatro mil millones de pesos y nunca hubo sanci\u00f3n para nadie.<\/p>\n\n\n\n<p>Ayer en conferencia de prensa, el Observatorio Ciudadano\/Comunitario del Agua y Medio Ambiente de los Valles Centrales de Oaxaca (OCCAMA), fij\u00f3 su postura al respecto y expres\u00f3 su preocupaci\u00f3n por la falta de informaci\u00f3n respecto a la propuesta gubernamental.<\/p>\n\n\n\n<p>Expusieron que han solicitado informaci\u00f3n oficial al respecto pero no la han recibido; precisaron que cualquier proyecto h\u00eddrico debe contar con una s\u00f3lida justificaci\u00f3n de car\u00e1cter hidrol\u00f3gico, ecol\u00f3gico y social.<\/p>\n\n\n\n<p>El apego riguroso y respeto al derecho agrario, ambiental, derechos ind\u00edgenas y diversas leyes aplicables en materia de agua.<\/p>\n\n\n\n<p>\u201cQue debido a los antecedentes del proyecto \u2018Paso Ancho\u2019, clausurado por la Procuradur\u00eda Federal de Protecci\u00f3n al Medio Ambiente (Profepa) en 2014, es necesario que las autoridades impulsen procesos participativos donde los diferentes niveles de gobierno asuman su responsabilidad para recuperar y sanear fuentes de agua a nivel local, fortaleciendo la gobernanza del agua desde una visi\u00f3n de cuenca antes de emprender proyectos donde se vulneran derechos de comunidades en beneficio de grandes urbes que no modifican sus din\u00e1micas de sobre explotaci\u00f3n y contaminaci\u00f3n\u201d.<\/p>\n\n\n\n<p>El Observatorio hizo un llamado al gobierno del estado y las instituciones federales para que abra los canales para discutir y reflexionar p\u00fablicamente sobre la pertinencia del proyecto de \u201cPaso Ancho\u201d, as\u00ed como para conocer otras propuestas de soluci\u00f3n viables que en otras regiones del pa\u00eds y del mundo est\u00e1n ayudando a tener impactos duraderos y con mejores resultados a largo plazo.<\/p>\n\n\n\n<p>\u201cAsimismo, las organizaciones que formamos el Observatorio, manifestamos nuestra plena disponibilidad para dialogar y participar en mesas de trabajo y foros abiertos, para el dise\u00f1o, los diagn\u00f3sticos y la instauraci\u00f3n de pol\u00edticas p\u00fablicas, incluyendo los diversos proyectos de infraestructura presentados, para garantizar una plena gobernanza del agua y enfrentar exitosamente los retos de mejoramiento social y ambiental ante el cambio clim\u00e1tico\u201d, expusieron.<\/p>\n\n\n\n<figure class=\"wp-block-embed is-type-rich is-provider-twitter wp-block-embed-twitter\"><div class=\"wp-block-embed__wrapper\">\n<div class=\"twitter-tweet\"><blockquote class=\"twitter-tweet\" data-lang=\"es\"><p lang=\"es\" dir=\"ltr\">Como un proyecto \u201czombie\u201d y fracasado calific\u00f3 hoy el Observatorio Ciudadano\/Comunitario del Agua y Medio Ambiente de los Valles Centrales de <a href=\"https:\/\/twitter.com\/hashtag\/Oaxaca?src=hash&amp;ref_src=twsrc%5Etfw\">#Oaxaca<\/a> la iniciativa de retomar el plan \u201cPaso Ancho\u201d de traer agua de la regi\u00f3n Sierra Sur a la zona metropolitano de la capital. <br>Pese a\u2026 <a href=\"https:\/\/t.co\/Ik133IW6aY\">pic.twitter.com\/Ik133IW6aY<\/a><\/p>&mdash; Zona Roja Oaxaca (@ZonaRoja_Oaxaca) <a href=\"https:\/\/twitter.com\/ZonaRoja_Oaxaca\/status\/1823765671894974798?ref_src=twsrc%5Etfw\">14 de agosto de 2024<\/a><\/blockquote><\/div>\n<\/div><\/figure>\n","protected":false},"excerpt":{"rendered":"<p>Raymundo Morales\/Zona Roja. Oaxaca de Ju\u00e1rez, Oax., a 15 de agosto de 2024.- Organismos de&hellip;<\/p>\n","protected":false},"author":2,"featured_media":71396,"comment_status":"closed","ping_status":"open","sticky":false,"template":"","format":"standard","meta":{"_lmt_disableupdate":"","_lmt_disable":"","_jetpack_memberships_contains_paid_content":false,"footnotes":""},"categories":[109,47],"tags":[4028],"class_list":["post-71402","post","type-post","status-publish","format-standard","has-post-thumbnail","hentry","category-minuto-a-minuto","category-zona-gris","tag-proyecto-de-agua-paso-ancho"],"jetpack_featured_media_url":"https:\/\/zonaroja.com.mx\/wp-content\/uploads\/2024\/08\/Conferencia-observatorio-del-agua.jpg","jetpack_sharing_enabled":true,"_links":{"self":[{"href":"https:\/\/zonaroja.com.mx\/index.php?rest_route=\/wp\/v2\/posts\/71402","targetHints":{"allow":["GET"]}}],"collection":[{"href":"https:\/\/zonaroja.com.mx\/index.php?rest_route=\/wp\/v2\/posts"}],"about":[{"href":"https:\/\/zonaroja.com.mx\/index.php?rest_route=\/wp\/v2\/types\/post"}],"author":[{"embeddable":true,"href":"https:\/\/zonaroja.com.mx\/index.php?rest_route=\/wp\/v2\/users\/2"}],"replies":[{"embeddable":true,"href":"https:\/\/zonaroja.com.mx\/index.php?rest_route=%2Fwp%2Fv2%2Fcomments&post=71402"}],"version-history":[{"count":1,"href":"https:\/\/zonaroja.com.mx\/index.php?rest_route=\/wp\/v2\/posts\/71402\/revisions"}],"predecessor-version":[{"id":71403,"href":"https:\/\/zonaroja.com.mx\/index.php?rest_route=\/wp\/v2\/posts\/71402\/revisions\/71403"}],"wp:featuredmedia":[{"embeddable":true,"href":"https:\/\/zonaroja.com.mx\/index.php?rest_route=\/wp\/v2\/media\/71396"}],"wp:attachment":[{"href":"https:\/\/zonaroja.com.mx\/index.php?rest_route=%2Fwp%2Fv2%2Fmedia&parent=71402"}],"wp:term":[{"taxonomy":"category","embeddable":true,"href":"https:\/\/zonaroja.com.mx\/index.php?rest_route=%2Fwp%2Fv2%2Fcategories&post=71402"},{"taxonomy":"post_tag","embeddable":true,"href":"https:\/\/zonaroja.com.mx\/index.php?rest_route=%2Fwp%2Fv2%2Ftags&post=71402"}],"curies":[{"name":"wp","href":"https:\/\/api.w.org\/{rel}","templated":true}]}}