{"id":71407,"date":"2024-08-15T09:26:00","date_gmt":"2024-08-15T15:26:00","guid":{"rendered":"https:\/\/zonaroja.com.mx\/?p=71407"},"modified":"2024-08-15T07:27:58","modified_gmt":"2024-08-15T13:27:58","slug":"el-titular-de-la-profeco-esta-denunciado-por-acoso-sexual","status":"publish","type":"post","link":"https:\/\/zonaroja.com.mx\/?p=71407","title":{"rendered":"El titular de la Profeco est\u00e1 denunciado por acoso sexual"},"content":{"rendered":"\n<p>Redacci\u00f3n\/Zona Roja Cdmx.<\/p>\n\n\n\n<p>Ciudad de M\u00e9xico, a 15 de agosto de 2024.- La Secretar\u00eda de la Funci\u00f3n P\u00fablica (SFP) dio a conocer que tiene a su cargo una investigaci\u00f3n en contra de David Aguilar Romero, titular de la Procuradur\u00eda Federal del Consumidor (Profeco), por acusaciones en su contra de acoso sexual y laboral.<\/p>\n\n\n\n<p>Se le se\u00f1ala de acosar a su exsecretaria particular por un periodo de un a\u00f1o, entre 2023 y 2024.<\/p>\n\n\n\n<p>Sobre el tema, el diario Reforma public\u00f3 im\u00e1genes de un chat que la ex secretaria particular present\u00f3 como prueba en contra de Aguilar Romero, en este se detalla que, en abril pasado, Giovanna Salem, denunci\u00f3 la presi\u00f3n y acoso de David Aguilar.<\/p>\n\n\n\n<p>Adem\u00e1s, se informa que present\u00f3 audios, fotograf\u00edas y comparti\u00f3 chats de los mensajes del actual titular de la Profeco.<\/p>\n\n\n\n<p>Hasta el momento, se sabe que la denuncia tambi\u00e9n fue presentada ante la Comisi\u00f3n Nacional de los Derechos Humanos (CNDH).<\/p>\n\n\n\n<p>Se detalla que la ex secretaria particular acusa a David Aguilar de haberla acosado desde que \u00e9l ocupaba un puesto de director de \u00e1rea y ella su secretaria particular; pero que la situaci\u00f3n continu\u00f3 cuando el funcionario federal asumi\u00f3 la titularidad de la Profeco y aunque ya no era su secretaria, la segu\u00eda hostigando con mensajes.<\/p>\n\n\n\n<p>Tambi\u00e9n se incluye informaci\u00f3n de de que la primera denuncia del acoso se hizo en septiembre del 2023 ante el Comit\u00e9 de \u00c9tica de la Profeco, pero el propio funcionario era parte del mismo.<\/p>\n\n\n\n<p>(Informaci\u00f3n de \u201cExpansi\u00f3n Pol\u00edtica\u201d)<\/p>\n","protected":false},"excerpt":{"rendered":"<p>Redacci\u00f3n\/Zona Roja Cdmx. Ciudad de M\u00e9xico, a 15 de agosto de 2024.- La Secretar\u00eda de&hellip;<\/p>\n","protected":false},"author":2,"featured_media":71408,"comment_status":"closed","ping_status":"open","sticky":false,"template":"","format":"standard","meta":{"_lmt_disableupdate":"","_lmt_disable":"","_jetpack_memberships_contains_paid_content":false,"footnotes":""},"categories":[109,47],"tags":[4030],"class_list":["post-71407","post","type-post","status-publish","format-standard","has-post-thumbnail","hentry","category-minuto-a-minuto","category-zona-gris","tag-david-aguilar-romero-profeco"],"jetpack_featured_media_url":"https:\/\/zonaroja.com.mx\/wp-content\/uploads\/2024\/08\/David-Aguilar-Romero-Profeco.jpeg","jetpack_sharing_enabled":true,"_links":{"self":[{"href":"https:\/\/zonaroja.com.mx\/index.php?rest_route=\/wp\/v2\/posts\/71407","targetHints":{"allow":["GET"]}}],"collection":[{"href":"https:\/\/zonaroja.com.mx\/index.php?rest_route=\/wp\/v2\/posts"}],"about":[{"href":"https:\/\/zonaroja.com.mx\/index.php?rest_route=\/wp\/v2\/types\/post"}],"author":[{"embeddable":true,"href":"https:\/\/zonaroja.com.mx\/index.php?rest_route=\/wp\/v2\/users\/2"}],"replies":[{"embeddable":true,"href":"https:\/\/zonaroja.com.mx\/index.php?rest_route=%2Fwp%2Fv2%2Fcomments&post=71407"}],"version-history":[{"count":1,"href":"https:\/\/zonaroja.com.mx\/index.php?rest_route=\/wp\/v2\/posts\/71407\/revisions"}],"predecessor-version":[{"id":71409,"href":"https:\/\/zonaroja.com.mx\/index.php?rest_route=\/wp\/v2\/posts\/71407\/revisions\/71409"}],"wp:featuredmedia":[{"embeddable":true,"href":"https:\/\/zonaroja.com.mx\/index.php?rest_route=\/wp\/v2\/media\/71408"}],"wp:attachment":[{"href":"https:\/\/zonaroja.com.mx\/index.php?rest_route=%2Fwp%2Fv2%2Fmedia&parent=71407"}],"wp:term":[{"taxonomy":"category","embeddable":true,"href":"https:\/\/zonaroja.com.mx\/index.php?rest_route=%2Fwp%2Fv2%2Fcategories&post=71407"},{"taxonomy":"post_tag","embeddable":true,"href":"https:\/\/zonaroja.com.mx\/index.php?rest_route=%2Fwp%2Fv2%2Ftags&post=71407"}],"curies":[{"name":"wp","href":"https:\/\/api.w.org\/{rel}","templated":true}]}}