{"id":71410,"date":"2024-08-15T10:30:00","date_gmt":"2024-08-15T16:30:00","guid":{"rendered":"https:\/\/zonaroja.com.mx\/?p=71410"},"modified":"2024-08-15T08:08:23","modified_gmt":"2024-08-15T14:08:23","slug":"morena-se-cuelga-de-la-liberacion-del-gober-precioso-y-agresor-de-la-saxofonista","status":"publish","type":"post","link":"https:\/\/zonaroja.com.mx\/?p=71410","title":{"rendered":"Morena se \u2018cuelga\u2019 de la liberaci\u00f3n del \u2018Gober precioso\u2019 y agresor de la saxofonista"},"content":{"rendered":"\n<p>Redacci\u00f3n\/Zona Roja Cdmx.<\/p>\n\n\n\n<p>Ciudad de M\u00e9xico, a 15 de agosto de 2024.- Los legisladores del grupo parlamentario de Morena, Leonel Godoy y Marisol Gas\u00e9, reclamaron al Poder Judicial la liberaci\u00f3n de Mario Mar\u00edn Torres, el \u2018G\u00f3ber precioso\u2019, as\u00ed como del agresor de la saxofonista Mar\u00eda Elena R\u00edos, Juan Antonio Vera Carrizal.<\/p>\n\n\n\n<p>Leonel Godoy reclam\u00f3 a los legisladores de oposici\u00f3n no haber levantado la voz por la liberaci\u00f3n de ambos pol\u00edticos.<\/p>\n\n\n\n<p>\u201cDos jueces liberaron a agresores de mujeres, no vi a la derecha condenando a esos jueces. Primero, un juez deja en libertad al G\u00f3ber precioso, despu\u00e9s de la brutal agresi\u00f3n en contra de la periodista Lydia Cacho. Hoy, deja otro juez en libertad al se\u00f1or Juan Antonio Vera Carrizal, diputado local priista y empresario oaxaque\u00f1o, que atac\u00f3 con \u00e1cido a la saxofonista oaxaque\u00f1a Mar\u00eda Elena R\u00edos&#8230; Es por eso necesaria la reforma al Poder Judicial\u201d, dijo el diputado.<\/p>\n\n\n\n<p>Durante la sesi\u00f3n permanente de este mi\u00e9rcoles 14 de agosto, Marisol Gas\u00e9 asegur\u00f3 que Morena no era igual a la oposici\u00f3n.<\/p>\n\n\n\n<p>\u201cNo somos iguales ni a la corrupci\u00f3n, ni a la delincuencia, ni a la impunidad y basta un ejemplo para recordarlo: el caso de Mario Plutarco Mar\u00edn Torres, exgobernador priista de Puebla, detenido en 2021 y puesto en prisi\u00f3n preventiva por se\u00f1alamientos de tortura y protecci\u00f3n a redes de trata infantil\u201d.<\/p>\n\n\n\n<p>Por ello, ambos diputados se\u00f1alaron que es necesario que se apruebe la reforma al Poder Judicial, impulsada por el presidente Andr\u00e9s Manuel L\u00f3pez Obrador.<\/p>\n\n\n\n<p>\u201cPese a todos estos antecedentes, el Poder Judicial ha dado, una vez m\u00e1s, muestra de los intereses mezquinos que realmente representa\u201d, dijo la legisladora.<\/p>\n\n\n\n<p>La semana pasada, Ignacio Mier, anticip\u00f3 algunas de las modificaciones que acepto el partido para la reforma, reconociendo que las preocupaciones sobre la elegibilidad de ministros de la Suprema Corte de Justicia de la Naci\u00f3n (SCJN) contin\u00faan.<\/p>\n\n\n\n<p>\u201cEn varios aspectos centrales que yo les puedo anticipar. El primero es la nueva configuraci\u00f3n de la Suprema Corte y la implementaci\u00f3n de la modificaci\u00f3n del procedimiento de designaci\u00f3n de los integrantes, de tal manera que se garanticen dos cosas que han aparecido de manera reiterada como preocupaci\u00f3n en los foros\u201d, dijo Mier.<\/p>\n\n\n\n<p>(Informaci\u00f3n de \u201cEl Financiero\u201d)<\/p>\n","protected":false},"excerpt":{"rendered":"<p>Redacci\u00f3n\/Zona Roja Cdmx. Ciudad de M\u00e9xico, a 15 de agosto de 2024.- Los legisladores del&hellip;<\/p>\n","protected":false},"author":2,"featured_media":71411,"comment_status":"closed","ping_status":"open","sticky":false,"template":"","format":"standard","meta":{"_lmt_disableupdate":"","_lmt_disable":"","_jetpack_memberships_contains_paid_content":false,"footnotes":""},"categories":[109,47],"tags":[1144],"class_list":["post-71410","post","type-post","status-publish","format-standard","has-post-thumbnail","hentry","category-minuto-a-minuto","category-zona-gris","tag-juan-antonio-vera-carrizal"],"jetpack_featured_media_url":"https:\/\/zonaroja.com.mx\/wp-content\/uploads\/2024\/08\/Leonel-Godoy.avif","jetpack_sharing_enabled":true,"_links":{"self":[{"href":"https:\/\/zonaroja.com.mx\/index.php?rest_route=\/wp\/v2\/posts\/71410","targetHints":{"allow":["GET"]}}],"collection":[{"href":"https:\/\/zonaroja.com.mx\/index.php?rest_route=\/wp\/v2\/posts"}],"about":[{"href":"https:\/\/zonaroja.com.mx\/index.php?rest_route=\/wp\/v2\/types\/post"}],"author":[{"embeddable":true,"href":"https:\/\/zonaroja.com.mx\/index.php?rest_route=\/wp\/v2\/users\/2"}],"replies":[{"embeddable":true,"href":"https:\/\/zonaroja.com.mx\/index.php?rest_route=%2Fwp%2Fv2%2Fcomments&post=71410"}],"version-history":[{"count":1,"href":"https:\/\/zonaroja.com.mx\/index.php?rest_route=\/wp\/v2\/posts\/71410\/revisions"}],"predecessor-version":[{"id":71412,"href":"https:\/\/zonaroja.com.mx\/index.php?rest_route=\/wp\/v2\/posts\/71410\/revisions\/71412"}],"wp:featuredmedia":[{"embeddable":true,"href":"https:\/\/zonaroja.com.mx\/index.php?rest_route=\/wp\/v2\/media\/71411"}],"wp:attachment":[{"href":"https:\/\/zonaroja.com.mx\/index.php?rest_route=%2Fwp%2Fv2%2Fmedia&parent=71410"}],"wp:term":[{"taxonomy":"category","embeddable":true,"href":"https:\/\/zonaroja.com.mx\/index.php?rest_route=%2Fwp%2Fv2%2Fcategories&post=71410"},{"taxonomy":"post_tag","embeddable":true,"href":"https:\/\/zonaroja.com.mx\/index.php?rest_route=%2Fwp%2Fv2%2Ftags&post=71410"}],"curies":[{"name":"wp","href":"https:\/\/api.w.org\/{rel}","templated":true}]}}