{"id":71413,"date":"2024-08-15T10:09:00","date_gmt":"2024-08-15T16:09:00","guid":{"rendered":"https:\/\/zonaroja.com.mx\/?p=71413"},"modified":"2024-08-15T08:11:18","modified_gmt":"2024-08-15T14:11:18","slug":"aprueba-el-congreso-ley-para-proteger-patrimonio-cultural-de-oaxaca","status":"publish","type":"post","link":"https:\/\/zonaroja.com.mx\/?p=71413","title":{"rendered":"Aprueba el Congreso ley para proteger patrimonio cultural de Oaxaca"},"content":{"rendered":"\n<p>Redacci\u00f3n\/Zona Roja.<\/p>\n\n\n\n<p>Oaxaca de Ju\u00e1rez, Oax., a 15 de agosto de 2024.- Con 34 votos a favor, el Pleno de la 65 Legislatura local aprob\u00f3 la creaci\u00f3n de la Ley de Protecci\u00f3n de los Elementos Culturales Materiales e Inmateriales del Estado de Oaxaca, para evitar el lucro y plagio por parte de terceros.<\/p>\n\n\n\n<p>Esta ley, conformada por 83 art\u00edculos, tiene por objetivo el reconocer, garantizar, proteger y salvaguardar los elementos culturales que forman parte del patrimonio de los pueblos y comunidades ind\u00edgenas y afromexicanas como son, sus pr\u00e1cticas ancestrales, sus conocimientos y su forma de vida tradicional.&nbsp;<\/p>\n\n\n\n<p>Asimismo, de acuerdo con el dictamen, se deben establecer disposiciones para la preservaci\u00f3n, protecci\u00f3n, control y desarrollo de los elementos culturales materiales e inmateriales, los conocimientos y expresiones culturales tradicionales, sin menoscabo de su libre determinaci\u00f3n y autonom\u00eda.<\/p>\n\n\n\n<p>Con la aplicaci\u00f3n de la ley, se va a promover el respeto y desarrollo de los elementos culturales de los pueblos y comunidades ind\u00edgenas y afromexicanas, as\u00ed como reconocer la diversidad de sus elementos.<\/p>\n\n\n\n<p>Dentro del art\u00edculo 14 de esta nueva ley, se proh\u00edbe el uso de los elementos culturales materiales e inmateriales de los pueblos y comunidades ind\u00edgenas y afromexicanas, para cualquier clase de aprovechamiento por terceros, sin previo acuerdo o consentimiento, conforme a los mecanismos que dispongan sus sistemas normativos internos.<\/p>\n\n\n\n<p>El diputado Sesul Bola\u00f1os L\u00f3pez, presidente de la Comisi\u00f3n Permanente de Culturas, Artes, Juventud, Cultura F\u00edsica y Deporte, destac\u00f3 que Oaxaca es el primer estado en expedir una ley que proteja la cultura y las tradiciones del estado; adem\u00e1s agradeci\u00f3 a las autoridades de los diferentes municipios donde se realizaron los foros de consulta para la elaboraci\u00f3n de esta norma, la cual cont\u00f3 con las aportaciones de artesanos, cocineras tradicionales, bordadoras y artistas.<\/p>\n\n\n\n<p>Por su parte, la diputada Clelia Toledo Bernal expres\u00f3 que el garantizar, proteger y salvaguardar los textiles y los conocimientos gastron\u00f3micos de los pueblos y comunidades ind\u00edgenas y afromexicanas de Oaxaca es una responsabilidad colectiva, \u201cal hacerlo no solo preservamos una tradici\u00f3n cultural invaluable, sino que tambi\u00e9n fortalecemos la cultura oaxaque\u00f1a\u00bb.&nbsp;<\/p>\n\n\n\n<p>En su intervenci\u00f3n, la legisladora Luisa Cort\u00e9s Garc\u00eda resalt\u00f3 que se realizaron 20 foros de consulta en las ocho regiones del estado, donde escucharon las problem\u00e1ticas que enfrentan los pueblos ind\u00edgenas y afromexicanos como son el despojo de sus elementos culturales por parte de particulares. \u00abEste instrumento legal queda como legado para las futuras generaciones\u00bb, coment\u00f3.&nbsp;<\/p>\n\n\n\n<p>La congresista X\u00f3chitl Jazm\u00edn Vel\u00e1zquez V\u00e1squez enfatiz\u00f3 la necesidad de preservar la cultura que define a las y los oaxaque\u00f1os y promover un equilibrio entre el desarrollo y la conservaci\u00f3n de tradiciones.&nbsp;<\/p>\n\n\n\n<p>\u00abCon esta ley, se establecer\u00e1n mecanismos conducentes a proteger y salvaguardar las pr\u00e1cticas ancestrales, la m\u00fasica, el arte, las artesan\u00edas, los dise\u00f1os, los textiles, los conocimientos gastron\u00f3micos y la danza que es uno de los tesoros culturales de Oaxaca\u00bb, coment\u00f3.&nbsp;<\/p>\n\n\n\n<p>Esta ley entrar\u00e1 en vigor al d\u00eda siguiente de su publicaci\u00f3n en el Peri\u00f3dico Oficial del Estado de Oaxaca, y surge a propuesta de las diputadas Luisa Cort\u00e9s Garc\u00eda, Clelia Toledo Bernal, Reyna Victoria Jim\u00e9nez Cervantes y X\u00f3chitl Jazm\u00edn Vel\u00e1zquez V\u00e1squez, as\u00ed como del diputado Sesul Bola\u00f1os L\u00f3pez.<\/p>\n\n\n\n<figure class=\"wp-block-embed is-type-rich is-provider-twitter wp-block-embed-twitter\"><div class=\"wp-block-embed__wrapper\">\n<div class=\"twitter-tweet\"><blockquote class=\"twitter-tweet\" data-lang=\"es\"><p lang=\"es\" dir=\"ltr\"><a href=\"https:\/\/twitter.com\/hashtag\/Con?src=hash&amp;ref_src=twsrc%5Etfw\">#Con<\/a> 34 votos a favor, el pleno del <a href=\"https:\/\/twitter.com\/CongresoOaxaca_?ref_src=twsrc%5Etfw\">@CongresoOaxaca_<\/a> aprob\u00f3 hoy la Ley de Protecci\u00f3n de los Elementos Culturales Materiales e Inmateriales del Estado de Oaxaca.<br><br>Este es el posicionamiento de la diputada <a href=\"https:\/\/twitter.com\/LuisaCGOax?ref_src=twsrc%5Etfw\">@LuisaCGOax<\/a>, quien reitera su reconocimiento a los pueblos originarios y a\u2026 <a href=\"https:\/\/t.co\/SOHc6jiMf0\">pic.twitter.com\/SOHc6jiMf0<\/a><\/p>&mdash; Zona Roja Oaxaca (@ZonaRoja_Oaxaca) <a href=\"https:\/\/twitter.com\/ZonaRoja_Oaxaca\/status\/1823847450240549253?ref_src=twsrc%5Etfw\">14 de agosto de 2024<\/a><\/blockquote><\/div>\n<\/div><\/figure>\n","protected":false},"excerpt":{"rendered":"<p>Redacci\u00f3n\/Zona Roja. Oaxaca de Ju\u00e1rez, Oax., a 15 de agosto de 2024.- Con 34 votos&hellip;<\/p>\n","protected":false},"author":2,"featured_media":71414,"comment_status":"closed","ping_status":"open","sticky":false,"template":"","format":"standard","meta":{"_lmt_disableupdate":"","_lmt_disable":"","_jetpack_memberships_contains_paid_content":false,"footnotes":""},"categories":[109,46],"tags":[2743],"class_list":["post-71413","post","type-post","status-publish","format-standard","has-post-thumbnail","hentry","category-minuto-a-minuto","category-zona-blanca","tag-65-legislatura-del-estado-de-oaxaca"],"jetpack_featured_media_url":"https:\/\/zonaroja.com.mx\/wp-content\/uploads\/2024\/08\/Sesion-Congreso.jpg","jetpack_sharing_enabled":true,"_links":{"self":[{"href":"https:\/\/zonaroja.com.mx\/index.php?rest_route=\/wp\/v2\/posts\/71413","targetHints":{"allow":["GET"]}}],"collection":[{"href":"https:\/\/zonaroja.com.mx\/index.php?rest_route=\/wp\/v2\/posts"}],"about":[{"href":"https:\/\/zonaroja.com.mx\/index.php?rest_route=\/wp\/v2\/types\/post"}],"author":[{"embeddable":true,"href":"https:\/\/zonaroja.com.mx\/index.php?rest_route=\/wp\/v2\/users\/2"}],"replies":[{"embeddable":true,"href":"https:\/\/zonaroja.com.mx\/index.php?rest_route=%2Fwp%2Fv2%2Fcomments&post=71413"}],"version-history":[{"count":1,"href":"https:\/\/zonaroja.com.mx\/index.php?rest_route=\/wp\/v2\/posts\/71413\/revisions"}],"predecessor-version":[{"id":71415,"href":"https:\/\/zonaroja.com.mx\/index.php?rest_route=\/wp\/v2\/posts\/71413\/revisions\/71415"}],"wp:featuredmedia":[{"embeddable":true,"href":"https:\/\/zonaroja.com.mx\/index.php?rest_route=\/wp\/v2\/media\/71414"}],"wp:attachment":[{"href":"https:\/\/zonaroja.com.mx\/index.php?rest_route=%2Fwp%2Fv2%2Fmedia&parent=71413"}],"wp:term":[{"taxonomy":"category","embeddable":true,"href":"https:\/\/zonaroja.com.mx\/index.php?rest_route=%2Fwp%2Fv2%2Fcategories&post=71413"},{"taxonomy":"post_tag","embeddable":true,"href":"https:\/\/zonaroja.com.mx\/index.php?rest_route=%2Fwp%2Fv2%2Ftags&post=71413"}],"curies":[{"name":"wp","href":"https:\/\/api.w.org\/{rel}","templated":true}]}}