{"id":71424,"date":"2024-08-15T20:23:45","date_gmt":"2024-08-16T02:23:45","guid":{"rendered":"https:\/\/zonaroja.com.mx\/?p=71424"},"modified":"2024-08-15T20:23:47","modified_gmt":"2024-08-16T02:23:47","slug":"viene-caravana-de-migrantes-hacia-la-capital-de-oaxaca","status":"publish","type":"post","link":"https:\/\/zonaroja.com.mx\/?p=71424","title":{"rendered":"Viene caravana de migrantes hacia la capital de Oaxaca"},"content":{"rendered":"\n<p>Ismael Garc\u00eda M.\/Zona Roja.<\/p>\n\n\n\n<p>Oaxaca de Ju\u00e1rez, Oax., a 15 de agosto de 204.- Integrantes de la caravana \u201cJesucristo\u201d, compuesta por m\u00e1s de dos mil migrantes, tomaron la determinaci\u00f3n de llegar a la ciudad de Oaxaca, por la ruta de la Costa-Sierra Sur.<\/p>\n\n\n\n<p>Luego de permanecer en Juchit\u00e1n de Zaragoza, los centroamericanos y sudamericanos tomaron anoche hacia Santo Domingo Tehuantepec y la madrugada de hoy continuaron hacia Salina Cruz.<\/p>\n\n\n\n<p>Sin embargo, hasta esta noche no cuentan con un espacio para alojamiento y descanso, por lo cual ma\u00f1ana mismo prev\u00e9n reanudar su marcha por la carretera federal 200.<\/p>\n\n\n\n<p>Como lo hicieron en mayo pasado, llegar\u00edan al crucero hacia San Pedro Pochutla para tomar la v\u00eda federal 175 y cruzar la regi\u00f3n Sierra Sur, para avanzar hacia los Valles Centrales, donde se prev\u00e9 est\u00e9n la pr\u00f3xima semana.<\/p>\n\n\n\n<p>En tanto, el Gobierno del Estado de Oaxaca inform\u00f3 que seguimiento a la pol\u00edtica humanitaria para la atenci\u00f3n de la poblaci\u00f3n migrante,&nbsp;Servicios de Salud de Oaxaca (SSO) a trav\u00e9s de la Jurisdicci\u00f3n Sanitaria 2 Istmo, brind\u00f3 atenci\u00f3n preventiva y m\u00e9dica a integrantes de la caravana durante su estancia en el municipio Juchit\u00e1n de Zaragoza.<\/p>\n\n\n\n<p>El equipo conformado por ocho m\u00e9dicos, tres odont\u00f3logos y cuatro profesionales de enfermer\u00eda, durante dos d\u00edas, brindaron 70 consultas de medicina general, curaciones y suministro de medicamentos, de manera gratuita.&nbsp;<\/p>\n\n\n\n<p>Principalmente, para la atenci\u00f3n de Infecciones Respiratorias Agudas Severas (IRAS), deshidrataci\u00f3n, agotamiento f\u00edsico, dermatitis y micosis; asimismo, se realizaron 70 acciones de enfermer\u00eda: toma de signos vitales, vendajes, distribuci\u00f3n y orientaci\u00f3n para la preparaci\u00f3n del Vida Suero Oral (VSO).<\/p>\n\n\n\n<p>Aunado a ello, se proporcionaron atenciones odontol\u00f3gicas preventivas con la distribuci\u00f3n de 300 cepillos e igual n\u00famero de paquetes de hilos dentales; adem\u00e1s, se otorgaron pl\u00e1ticas de la t\u00e9cnica correcta del cepillado, difusi\u00f3n del uso correcto del cubrebocas, higiene de manos, s\u00edntomas de alarma por golpe de calor y dengue.&nbsp;<\/p>\n\n\n\n<p>\u201cEstas estrategias se&nbsp;llevan a cabo puntualmente para brindar asistencia m\u00e9dica a las y los ciudadanos extranjeros en su paso por el territorio oaxaque\u00f1o. Cabe destacar que esta caravana est\u00e1 integrada por&nbsp;m\u00e1s de dos mil personas\u201d, expuso en un comunicado.<\/p>\n","protected":false},"excerpt":{"rendered":"<p>Ismael Garc\u00eda M.\/Zona Roja. Oaxaca de Ju\u00e1rez, Oax., a 15 de agosto de 204.- Integrantes&hellip;<\/p>\n","protected":false},"author":2,"featured_media":71425,"comment_status":"closed","ping_status":"open","sticky":false,"template":"","format":"standard","meta":{"_lmt_disableupdate":"","_lmt_disable":"","_jetpack_memberships_contains_paid_content":false,"footnotes":""},"categories":[109,47],"tags":[3641],"class_list":["post-71424","post","type-post","status-publish","format-standard","has-post-thumbnail","hentry","category-minuto-a-minuto","category-zona-gris","tag-migrantes-en-oaxaca"],"jetpack_featured_media_url":"https:\/\/zonaroja.com.mx\/wp-content\/uploads\/2024\/08\/Migrantes-en-Oaxaca.jpg","jetpack_sharing_enabled":true,"_links":{"self":[{"href":"https:\/\/zonaroja.com.mx\/index.php?rest_route=\/wp\/v2\/posts\/71424","targetHints":{"allow":["GET"]}}],"collection":[{"href":"https:\/\/zonaroja.com.mx\/index.php?rest_route=\/wp\/v2\/posts"}],"about":[{"href":"https:\/\/zonaroja.com.mx\/index.php?rest_route=\/wp\/v2\/types\/post"}],"author":[{"embeddable":true,"href":"https:\/\/zonaroja.com.mx\/index.php?rest_route=\/wp\/v2\/users\/2"}],"replies":[{"embeddable":true,"href":"https:\/\/zonaroja.com.mx\/index.php?rest_route=%2Fwp%2Fv2%2Fcomments&post=71424"}],"version-history":[{"count":1,"href":"https:\/\/zonaroja.com.mx\/index.php?rest_route=\/wp\/v2\/posts\/71424\/revisions"}],"predecessor-version":[{"id":71426,"href":"https:\/\/zonaroja.com.mx\/index.php?rest_route=\/wp\/v2\/posts\/71424\/revisions\/71426"}],"wp:featuredmedia":[{"embeddable":true,"href":"https:\/\/zonaroja.com.mx\/index.php?rest_route=\/wp\/v2\/media\/71425"}],"wp:attachment":[{"href":"https:\/\/zonaroja.com.mx\/index.php?rest_route=%2Fwp%2Fv2%2Fmedia&parent=71424"}],"wp:term":[{"taxonomy":"category","embeddable":true,"href":"https:\/\/zonaroja.com.mx\/index.php?rest_route=%2Fwp%2Fv2%2Fcategories&post=71424"},{"taxonomy":"post_tag","embeddable":true,"href":"https:\/\/zonaroja.com.mx\/index.php?rest_route=%2Fwp%2Fv2%2Ftags&post=71424"}],"curies":[{"name":"wp","href":"https:\/\/api.w.org\/{rel}","templated":true}]}}