{"id":71427,"date":"2024-08-15T21:46:14","date_gmt":"2024-08-16T03:46:14","guid":{"rendered":"https:\/\/zonaroja.com.mx\/?p=71427"},"modified":"2024-08-15T21:46:21","modified_gmt":"2024-08-16T03:46:21","slug":"claudia-sheinbaum-es-oficialmente-presidenta-electa-de-mexico","status":"publish","type":"post","link":"https:\/\/zonaroja.com.mx\/?p=71427","title":{"rendered":"Claudia Sheinbaum es oficialmente Presidenta electa de M\u00e9xico"},"content":{"rendered":"\n<p>Redacci\u00f3n\/Zona Roja Cdmx.<\/p>\n\n\n\n<p>Ciudad de M\u00e9xico, a 15 de agosto de 2024.- &nbsp;En sesi\u00f3n solemne, el pleno de la Sala Superior del Tribunal Electoral del Poder Judicial de la Federaci\u00f3n (TEPJF) entreg\u00f3 la constancia a Claudia Sheinbaum Pardo, para ejercer el cargo de Presidenta de los Estados Unidos Mexicanos para el periodo del 1 de octubre de 2024 al 30 de septiembre de 2030.<\/p>\n\n\n\n<p>Las magistradas y los magistrados electorales extendieron la constancia que acredit\u00f3 que Sheinbaum Pardo obtuvo la mayor\u00eda de los votos en la elecci\u00f3n del 2 de junio, as\u00ed como el cumplimiento de los requisitos constitucionales de elegibilidad para desempe\u00f1ar la titularidad del Poder Ejecutivo federal.<\/p>\n\n\n\n<p>Tras destacar que la ciudadan\u00eda decidi\u00f3 de forma contundente que la candidata de la coalici\u00f3n \u201cSigamos haciendo historia\u201d fuera la pr\u00f3xima mandataria, la magistrada presidenta del TEPJF, M\u00f3nica Soto Fregoso, sostuvo que ahora es momento de que la legalidad, el acuerdo y la concordia sostengan el rumbo del pa\u00eds, de que las instituciones mexicanas tomen su cauce, asuman su responsabilidad y gu\u00eden de la mejor manera el rumbo de la naci\u00f3n.<\/p>\n\n\n\n<p>Subray\u00f3 el hecho hist\u00f3rico y simb\u00f3lico de que una mujer asuma como la primera mandataria, luego de haber sido ocupada exclusivamente por 65 hombres en 200 a\u00f1os de vida de la Rep\u00fablica. Con su llegada a la titularidad del Poder Ejecutivo, M\u00e9xico ha roto el techo de cristal, le quita el velo al patriarcado, expres\u00f3 Soto y agreg\u00f3 que nunca m\u00e1s deber\u00e1 ponerse en duda si una mujer est\u00e1 preparada para gobernar al pa\u00eds.<\/p>\n\n\n\n<p>Al recibir Sheinbaum Pardo la constancia que la legitima para gobernar, se consolida en M\u00e9xico la reivindicaci\u00f3n hist\u00f3rica de las mujeres, dignific\u00e1ndose su liderazgo en la vida p\u00fablica, dijo la magistrada presidenta del TEPJF.&nbsp;<\/p>\n\n\n\n<p>Resalt\u00f3 que el Tribunal Electoral contribuye por quinta ocasi\u00f3n a la transmisi\u00f3n pac\u00edfica, legal y ordenada del poder p\u00fablico, fortaleciendo la democracia mexicana y con ello la seguridad y la paz social.<\/p>\n\n\n\n<p>Soto Fregoso dijo que el TEPJF enfrent\u00f3 importantes retos, como fue la resoluci\u00f3n de 15 mil 799 expedientes vinculados con los procesos electorales federal y locales concurrentes, en los que se disputaron 20 mil 708 cargos.&nbsp;<\/p>\n\n\n\n<p>El Tribunal lleg\u00f3 al final de la contienda con la satisfacci\u00f3n del deber cumplido y al mismo tiempo con importantes lecciones y aprendizajes, se\u00f1al\u00f3.&nbsp;<\/p>\n\n\n\n<p>Sostuvo que las magistraturas que integran la Sala Superior mantuvieron una pol\u00edtica de absoluta transparencia, privilegiando el acceso a la justicia, escuchando a las partes en contienda y deliberando de manera p\u00fablica cada decisi\u00f3n judicial. Las sentencias se basaron exclusivamente en la Constituci\u00f3n y sus principios, los tratados internacionales, las leyes vigentes, los precedentes y en el material probatorio otorgado por las partes, a\u00f1adi\u00f3.<\/p>\n\n\n\n<p>Manifest\u00f3 que&nbsp;el TEPJF continuar\u00e1 trabajando para consolidar a M\u00e9xico como un pa\u00eds justo, inclusivo y paritario, y asegur\u00f3 que la instituci\u00f3n se afianzar\u00e1 como agente que erradica la violencia en los derechos y la violencia pol\u00edtica en raz\u00f3n de g\u00e9nero. Adem\u00e1s, se mantendr\u00e1 el combate frontal contra los estereotipos que afectan a la sociedad y hacen nugatorios los derechos fundamentales.<\/p>\n\n\n\n<p>Tras recibir la constancia de mayor\u00eda, la presidenta electa, Claudia Sheinbaum, dirigi\u00f3 un mensaje en el que reconoci\u00f3 a las magistradas y los magistrados electorales por su respeto a la voluntad popular y su ejercicio democr\u00e1tico, luego de analizar y resolver las diversas impugnaciones, as\u00ed como declarar de manera un\u00e1nime la validez de la elecci\u00f3n a la Presidencia de la Rep\u00fablica.<\/p>\n\n\n\n<p>En la sesi\u00f3n solemne participaron las magistradas Janine Ot\u00e1lora Malassis y Claudia Valle Aguilasocho, as\u00ed como los magistrados Felipe de la Mata Piza\u00f1a, Felipe Alfredo Fuentes Barrera y Reyes Rodr\u00edguez Mondrag\u00f3n.<\/p>\n","protected":false},"excerpt":{"rendered":"<p>Redacci\u00f3n\/Zona Roja Cdmx. Ciudad de M\u00e9xico, a 15 de agosto de 2024.- &nbsp;En sesi\u00f3n solemne,&hellip;<\/p>\n","protected":false},"author":2,"featured_media":71428,"comment_status":"closed","ping_status":"open","sticky":false,"template":"","format":"standard","meta":{"_lmt_disableupdate":"","_lmt_disable":"","_jetpack_memberships_contains_paid_content":false,"footnotes":""},"categories":[109,46],"tags":[3370],"class_list":["post-71427","post","type-post","status-publish","format-standard","has-post-thumbnail","hentry","category-minuto-a-minuto","category-zona-blanca","tag-claudia-sheinbaum"],"jetpack_featured_media_url":"https:\/\/zonaroja.com.mx\/wp-content\/uploads\/2024\/08\/Entrega-la-Sala-Superior-del-TEPJF-la-constancia-de-mayoria-de-declaracion-de-validez-de-la-eleccion-y-de-presidenta-electa-a-Claudia-Sheinbaum-Pardo1.jpeg","jetpack_sharing_enabled":true,"_links":{"self":[{"href":"https:\/\/zonaroja.com.mx\/index.php?rest_route=\/wp\/v2\/posts\/71427","targetHints":{"allow":["GET"]}}],"collection":[{"href":"https:\/\/zonaroja.com.mx\/index.php?rest_route=\/wp\/v2\/posts"}],"about":[{"href":"https:\/\/zonaroja.com.mx\/index.php?rest_route=\/wp\/v2\/types\/post"}],"author":[{"embeddable":true,"href":"https:\/\/zonaroja.com.mx\/index.php?rest_route=\/wp\/v2\/users\/2"}],"replies":[{"embeddable":true,"href":"https:\/\/zonaroja.com.mx\/index.php?rest_route=%2Fwp%2Fv2%2Fcomments&post=71427"}],"version-history":[{"count":1,"href":"https:\/\/zonaroja.com.mx\/index.php?rest_route=\/wp\/v2\/posts\/71427\/revisions"}],"predecessor-version":[{"id":71429,"href":"https:\/\/zonaroja.com.mx\/index.php?rest_route=\/wp\/v2\/posts\/71427\/revisions\/71429"}],"wp:featuredmedia":[{"embeddable":true,"href":"https:\/\/zonaroja.com.mx\/index.php?rest_route=\/wp\/v2\/media\/71428"}],"wp:attachment":[{"href":"https:\/\/zonaroja.com.mx\/index.php?rest_route=%2Fwp%2Fv2%2Fmedia&parent=71427"}],"wp:term":[{"taxonomy":"category","embeddable":true,"href":"https:\/\/zonaroja.com.mx\/index.php?rest_route=%2Fwp%2Fv2%2Fcategories&post=71427"},{"taxonomy":"post_tag","embeddable":true,"href":"https:\/\/zonaroja.com.mx\/index.php?rest_route=%2Fwp%2Fv2%2Ftags&post=71427"}],"curies":[{"name":"wp","href":"https:\/\/api.w.org\/{rel}","templated":true}]}}