{"id":71430,"date":"2024-08-16T06:46:41","date_gmt":"2024-08-16T12:46:41","guid":{"rendered":"https:\/\/zonaroja.com.mx\/?p=71430"},"modified":"2024-08-16T06:46:42","modified_gmt":"2024-08-16T12:46:42","slug":"refrenda-gobernador-de-oaxaca-respaldo-a-claudia-sheinbaum","status":"publish","type":"post","link":"https:\/\/zonaroja.com.mx\/?p=71430","title":{"rendered":"Refrenda gobernador de Oaxaca respaldo a Claudia Sheinbaum"},"content":{"rendered":"\n<p>Redacci\u00f3n\/Zona Roja.<\/p>\n\n\n\n<p>Oaxaca de Ju\u00e1rez, Oax., a 16 de agosto de 2024.- El gobernador Salom\u00f3n Jara Cruz felicit\u00f3 a Claudia Sheinbaum Pardo por recibir la constancia que la acredita como Presidenta electa de la Rep\u00fablica Mexicana para el periodo 2024-2030. &nbsp;<\/p>\n\n\n\n<p>Luego de la Sesi\u00f3n Solemne de la Sala Superior del Tribunal Electoral del Poder Judicial de la Federaci\u00f3n, el Mandatario Estatal ratific\u00f3 el respaldo del gobierno de Oaxaca a la nueva Presidenta de M\u00e9xico en la construcci\u00f3n del segundo piso de la Cuarta Transformaci\u00f3n.<\/p>\n\n\n\n<p>\u201cLa voz y el mandato del pueblo han sido claros, continuidad y profundizaci\u00f3n para el estado de bienestar\u201d, afirm\u00f3.<\/p>\n\n\n\n<p>Agreg\u00f3 que desde la Conferencia Nacional de Gobernadores (Conago) celebra este hecho tan significativo e hist\u00f3rico para el pa\u00eds, un avance trascendente en lo pol\u00edtico, social y cultural, ya que por primera vez en la historia de M\u00e9xico una mujer ocupar\u00e1 la titularidad del Poder Ejecutivo federal.<\/p>\n\n\n\n<p>Inform\u00f3 que en d\u00edas pasados las y los gobernadores del Sur del pa\u00eds se reunieron con la ahora Presidenta electa de la Rep\u00fablica para plantearle los proyectos estrat\u00e9gicos y prioritarios de cada uno de los estados, en un ambiente de pluralidad, respeto y colaboraci\u00f3n.<\/p>\n\n\n\n<p>\u201cEstamos seguros que estos di\u00e1logos se\u00f1alan el camino a seguir en el futuro para las buenas relaciones entre las entidades y la federaci\u00f3n. Por ello, refrendo mi plena disposici\u00f3n para trabajar intensamente a su lado en los tiempos por venir, a favor de nuestro pa\u00eds\u201d, puntualiz\u00f3.<\/p>\n\n\n\n<p>CORREDOR INTEROCE\u00c1NICO<\/p>\n\n\n\n<p>Previo a ello, el titular del Poder Ejecutivo estuvo en la Ciudad de M\u00e9xico, donde afirm\u00f3 ante el sector empresarial nacional que Oaxaca, con el Corredor Interoce\u00e1nico del Istmo de Tehuantepec (CIIT), cuenta con las condiciones para ser una gran plataforma de transformaci\u00f3n para el sureste del pa\u00eds.<\/p>\n\n\n\n<p>Precis\u00f3 que, a trav\u00e9s del CIIT, la entidad tendr\u00e1 uno de los puertos m\u00e1s grandes del mundo, a la par del Canal de Panam\u00e1, por lo que este megaproyecto que fungir\u00e1 como una plataforma log\u00edstica capaz de unir a los continentes asi\u00e1tico y europeo, representa una fuente segura de inversi\u00f3n.<\/p>\n\n\n\n<p>\u201cHoy, Oaxaca vive un momento hist\u00f3rico con un crecimiento econ\u00f3mico sin precedentes, siendo uno de los estados m\u00e1s atractivos para la inversi\u00f3n en los pr\u00f3ximos 50 a\u00f1os y consolid\u00e1ndose como el nuevo motor de desarrollo del Sur-Sureste\u201d, dijo.<\/p>\n\n\n\n<p>Al participar en el foro \u201cVentajas competitivas y oportunidades de inversi\u00f3n en el Corredor Interoce\u00e1nico del Istmo de Tehuantepec\u201d, el mandatario estatal expres\u00f3 que las condiciones est\u00e1n dadas para que este megaproyecto impulsado por el Gobierno de M\u00e9xico se convierta en la gran plataforma de transformaci\u00f3n para el sureste del pa\u00eds.<\/p>\n\n\n\n<p>\u201cEl Presidente Andr\u00e9s Manuel L\u00f3pez Obrador ha supervisado personalmente los avances que se est\u00e1n generando en este proyecto y contamos con el respaldo de la presidenta electa, Claudia Sheinbaum, para dar seguimiento a esta gran iniciativa que se convertir\u00e1 en un gran polo de inversi\u00f3n y en un eje de desarrollo regional, nacional y global\u201d, se\u00f1al\u00f3.<\/p>\n\n\n\n<p>De esta manera, comparti\u00f3 los avances del megaproyecto, destacando la modernizaci\u00f3n de infraestructura como puertos, caminos y v\u00edas f\u00e9rreas; el reci\u00e9n inaugurado rompeolas de Salina Cruz, el m\u00e1s grande y funcional de Latinoam\u00e9rica; y el tren de pasajeros y de carga que cruza el Istmo de Tehuantepec, llevando modernidad y desarrollo econ\u00f3mico a la regi\u00f3n.<\/p>\n\n\n\n<p>Jara Cruz expres\u00f3 que actualmente se realizan las tareas de planificaci\u00f3n industrial y empresarial para atraer mayor inversi\u00f3n mediante los Polos de Desarrollo para el Bienestar (Podebis), a partir de est\u00edmulos fiscales, esquemas de facilitaci\u00f3n y apoyos.<\/p>\n\n\n\n<p>Cabe destacar que el Proyecto del Corredor Interoce\u00e1nico del Istmo de Tehuantepec beneficia directamente a m\u00e1s de 2.4 millones de mexicanos de 79 municipios, 46 de Oaxaca y 33 de Veracruz, donde casi el 60 por ciento vive en condiciones de pobreza.&nbsp;<\/p>\n\n\n\n<p>En este evento estuvieron presentes el presidente del Consejo Coordinador Empresarial, Francisco Cervantes; el secretario de Desarrollo Econ\u00f3mico, Ra\u00fal Ruiz Robles, el director general del CIIT, Raymundo Morales y la secretaria t\u00e9cnica del Corredor Interoce\u00e1nico, Sildia Mecott G\u00f3mez.<\/p>\n","protected":false},"excerpt":{"rendered":"<p>Redacci\u00f3n\/Zona Roja. Oaxaca de Ju\u00e1rez, Oax., a 16 de agosto de 2024.- El gobernador Salom\u00f3n&hellip;<\/p>\n","protected":false},"author":2,"featured_media":71431,"comment_status":"closed","ping_status":"open","sticky":false,"template":"","format":"standard","meta":{"_lmt_disableupdate":"","_lmt_disable":"","_jetpack_memberships_contains_paid_content":false,"footnotes":""},"categories":[109,46],"tags":[3370,939],"class_list":["post-71430","post","type-post","status-publish","format-standard","has-post-thumbnail","hentry","category-minuto-a-minuto","category-zona-blanca","tag-claudia-sheinbaum","tag-salomon-jara-cruz"],"jetpack_featured_media_url":"https:\/\/zonaroja.com.mx\/wp-content\/uploads\/2024\/08\/Salomon-Jara-y-Claudia-Sheinbaum.jpg","jetpack_sharing_enabled":true,"_links":{"self":[{"href":"https:\/\/zonaroja.com.mx\/index.php?rest_route=\/wp\/v2\/posts\/71430","targetHints":{"allow":["GET"]}}],"collection":[{"href":"https:\/\/zonaroja.com.mx\/index.php?rest_route=\/wp\/v2\/posts"}],"about":[{"href":"https:\/\/zonaroja.com.mx\/index.php?rest_route=\/wp\/v2\/types\/post"}],"author":[{"embeddable":true,"href":"https:\/\/zonaroja.com.mx\/index.php?rest_route=\/wp\/v2\/users\/2"}],"replies":[{"embeddable":true,"href":"https:\/\/zonaroja.com.mx\/index.php?rest_route=%2Fwp%2Fv2%2Fcomments&post=71430"}],"version-history":[{"count":1,"href":"https:\/\/zonaroja.com.mx\/index.php?rest_route=\/wp\/v2\/posts\/71430\/revisions"}],"predecessor-version":[{"id":71432,"href":"https:\/\/zonaroja.com.mx\/index.php?rest_route=\/wp\/v2\/posts\/71430\/revisions\/71432"}],"wp:featuredmedia":[{"embeddable":true,"href":"https:\/\/zonaroja.com.mx\/index.php?rest_route=\/wp\/v2\/media\/71431"}],"wp:attachment":[{"href":"https:\/\/zonaroja.com.mx\/index.php?rest_route=%2Fwp%2Fv2%2Fmedia&parent=71430"}],"wp:term":[{"taxonomy":"category","embeddable":true,"href":"https:\/\/zonaroja.com.mx\/index.php?rest_route=%2Fwp%2Fv2%2Fcategories&post=71430"},{"taxonomy":"post_tag","embeddable":true,"href":"https:\/\/zonaroja.com.mx\/index.php?rest_route=%2Fwp%2Fv2%2Ftags&post=71430"}],"curies":[{"name":"wp","href":"https:\/\/api.w.org\/{rel}","templated":true}]}}