{"id":71433,"date":"2024-08-16T08:30:00","date_gmt":"2024-08-16T14:30:00","guid":{"rendered":"https:\/\/zonaroja.com.mx\/?p=71433"},"modified":"2024-08-16T06:54:40","modified_gmt":"2024-08-16T12:54:40","slug":"declaran-a-ex-gobernador-de-chihuahua-como-profugo-de-la-justicia","status":"publish","type":"post","link":"https:\/\/zonaroja.com.mx\/?p=71433","title":{"rendered":"Declaran a ex gobernador de Chihuahua como pr\u00f3fugo de la justicia"},"content":{"rendered":"\n<p>Redacci\u00f3n\/Zona Roja Cdmx.<\/p>\n\n\n\n<p>Ciudad de M\u00e9xico, a 16 de agosto de 2024.- Abelardo Valenzuela, fiscal Anticorrupci\u00f3n de Chihuahua, descart\u00f3 que haya motivos pol\u00edticos con respecto a la orden de detenci\u00f3n contra el exgobernador chihuahuense Javier Corral Jurado, tal y como lo asegur\u00f3 ayer el presidente Andr\u00e9s Manuel L\u00f3pez Obrador.<\/p>\n\n\n\n<p>En entrevista con Joaqu\u00edn L\u00f3pez-D\u00f3riga para su espacio en Radio F\u00f3rmula, Valenzuela Holgu\u00edn apunt\u00f3 que la investigaci\u00f3n contra el exmandatario estatal es s\u00f3lida, tanto t\u00e9cnica como profesionalmente.<\/p>\n\n\n\n<p>\u201cEs absolutamente err\u00f3neo. Es una denuncia s\u00f3lida, t\u00e9cnicamente y profesionalmente hablando, presentada por la Auditor\u00eda Superior del estado, investigada por la Fiscal\u00eda Anticorrupci\u00f3n y judicializada por la misma. Un \u00f3rgano jurisdiccional es quien nos concede la orden de aprehensi\u00f3n\u201d, dijo.<\/p>\n\n\n\n<p>\u201cYo pregunto, \u00bfqu\u00e9 tiene que ver el Gobierno del Estado? Absolutamente nada\u201d, respondi\u00f3 a L\u00f3pez Obrador.<\/p>\n\n\n\n<p>Hace unas horas, la Fiscal\u00eda Anticorrupci\u00f3n de Chihuahua declar\u00f3 pr\u00f3fugo de la justicia a Corral Jurado, se\u00f1alado por la autoridad estatal por corrupci\u00f3n.<\/p>\n\n\n\n<p>En la previa, autoridades de la entidad llevaron a cabo un operativo en un restaurante de la colonia Roma, en la capital mexicana, para intentar detener al exgobernador.<\/p>\n\n\n\n<p>PROTECCI\u00d3N EN CDMX<\/p>\n\n\n\n<p>Los agentes intentaron la detenci\u00f3n de Corral, pero el titular de la Fiscal\u00eda General de Justicia de la Ciudad de M\u00e9xico, Ulises Lara, presente en el restaurante, les dijo que la dependencia a su cargo rechazaba colaborar con ellos porque la instituci\u00f3n ten\u00eda que aceptar trabajar en conjunto y no hab\u00eda respondido formalmente a la petici\u00f3n hecha por los agentes estatales.<\/p>\n\n\n\n<p>Tras unos minutos de discusi\u00f3n, Lara L\u00f3pez se llev\u00f3 en su camioneta al exmandatario estatal, quien de esta forma eludi\u00f3 el mandato judicial bajo un fuerte operativo de seguridad por al menos cien agentes capitalinos.<\/p>\n\n\n\n<p>\u201cEstamos hablando de m\u00e1s de 100 agentes, era algo impresionante, como una pel\u00edcula de Hollywood. Lo que nos sorprendi\u00f3 a nosotros y nos dio un poco de precauci\u00f3n es que hab\u00eda muchas personas con uniformes t\u00e1cticos pero sin ning\u00fan logo o identificaci\u00f3n, con armas largas de grueso calibre, armas exclusivas del Ej\u00e9rcito\u201d, explic\u00f3 el fiscal Anticorrupci\u00f3n estatal.<\/p>\n\n\n\n<p>\u201cVamos a agotar todas las instancias, tenemos la ley en la mano, hay una orden de aprehensi\u00f3n por parte de un juez. Estamos llevando una diligencia que debe llevarse a cabo conforme a la ley, alcanzo a percibir una obstrucci\u00f3n de la justicia (por parte del fiscal Ulises Lara)\u201d, cuestion\u00f3.<\/p>\n\n\n\n<p>El fiscal Anticorrupci\u00f3n de Chihuahua dej\u00f3 en claro que el fiscal capitalina Ulises Lara falta a la verdad en sus dichos de esta ma\u00f1ana, en donde apunt\u00f3 que la detenci\u00f3n era un acto ilegal, y mostr\u00f3 est\u00e1 el convenio de colaboraci\u00f3n firmado por ambas autoridades.<\/p>\n\n\n\n<p>\u201cNosotros estamos esperando la negativa por escrito (por parte de la Fiscal\u00eda Cdmx) del por qu\u00e9 nos impidieron la captura del hoy imputado y una vez que nos la den por escrito realizaremos las acciones legales correspondientes. En este momento declaramos pr\u00f3fugo de la justicia ante el hoy imputado, y deseamos que se presenta ente el juez de la causa a la brevedad\u201d, dej\u00f3 en claro.<\/p>\n\n\n\n<p>\u201cAqu\u00ed est\u00e1 el convenio de colaboraci\u00f3n, debidamente sellado, estipulado, acreditado, no solo los agentes, sino del tipo de delito, que habla de que debe ser trasladado traslado en avi\u00f3n a la ciudad de Chihuahua. Est\u00e1 todo debidamente acreditado. Soy muy respetuoso del cometario que hace el fiscal, pero falta a la verdad\u201d, explic\u00f3.<\/p>\n\n\n\n<p>El funcionario apunt\u00f3 que se tienen los elementos necesarios para detener y procesar a Javier Corral por presunta&nbsp; corrupci\u00f3n, y lo invit\u00f3 a presentarse voluntariamente ante las autoridades judiciales del estado.<\/p>\n\n\n\n<p>\u201cYo quisiera no desviar el fondo del asunto, que es una desviaci\u00f3n de 98 millones 600 mil pesos que se le dio a un particular sin hacer absolutamente nada, pr\u00e1cticamente se le dio el dinero\u201d, refiri\u00f3.<\/p>\n\n\n\n<p>Nosotros tenemos los elementos que nos permitan sostener esto ante un juzgado. Yo invito ante al hoy imputado a que se presenta ante el juez de la causas y revierta lo que le ha imputado la Fiscal\u00eda Anticorrupci\u00f3n\u201d, argument\u00f3.<\/p>\n\n\n\n<p>\u201cLo que tengan ellos (Corral y sus abogados) que vengan ellos y lo esgriman ante el juez de la causa, \u00bfcu\u00e1l es el temor de presentarse ante el juez?\u201d, lanz\u00f3.<\/p>\n\n\n\n<p>(Con informaci\u00f3n de L\u00f3pez-D\u00f3riga Digital)<\/p>\n","protected":false},"excerpt":{"rendered":"<p>Redacci\u00f3n\/Zona Roja Cdmx. Ciudad de M\u00e9xico, a 16 de agosto de 2024.- Abelardo Valenzuela, fiscal&hellip;<\/p>\n","protected":false},"author":2,"featured_media":71434,"comment_status":"closed","ping_status":"open","sticky":false,"template":"","format":"standard","meta":{"_lmt_disableupdate":"","_lmt_disable":"","_jetpack_memberships_contains_paid_content":false,"footnotes":""},"categories":[109,47],"tags":[4029],"class_list":["post-71433","post","type-post","status-publish","format-standard","has-post-thumbnail","hentry","category-minuto-a-minuto","category-zona-gris","tag-javier-corral-jurado"],"jetpack_featured_media_url":"https:\/\/zonaroja.com.mx\/wp-content\/uploads\/2024\/08\/Javier-Corral-y-Lopez-Obrador.jpg.webp","jetpack_sharing_enabled":true,"_links":{"self":[{"href":"https:\/\/zonaroja.com.mx\/index.php?rest_route=\/wp\/v2\/posts\/71433","targetHints":{"allow":["GET"]}}],"collection":[{"href":"https:\/\/zonaroja.com.mx\/index.php?rest_route=\/wp\/v2\/posts"}],"about":[{"href":"https:\/\/zonaroja.com.mx\/index.php?rest_route=\/wp\/v2\/types\/post"}],"author":[{"embeddable":true,"href":"https:\/\/zonaroja.com.mx\/index.php?rest_route=\/wp\/v2\/users\/2"}],"replies":[{"embeddable":true,"href":"https:\/\/zonaroja.com.mx\/index.php?rest_route=%2Fwp%2Fv2%2Fcomments&post=71433"}],"version-history":[{"count":1,"href":"https:\/\/zonaroja.com.mx\/index.php?rest_route=\/wp\/v2\/posts\/71433\/revisions"}],"predecessor-version":[{"id":71435,"href":"https:\/\/zonaroja.com.mx\/index.php?rest_route=\/wp\/v2\/posts\/71433\/revisions\/71435"}],"wp:featuredmedia":[{"embeddable":true,"href":"https:\/\/zonaroja.com.mx\/index.php?rest_route=\/wp\/v2\/media\/71434"}],"wp:attachment":[{"href":"https:\/\/zonaroja.com.mx\/index.php?rest_route=%2Fwp%2Fv2%2Fmedia&parent=71433"}],"wp:term":[{"taxonomy":"category","embeddable":true,"href":"https:\/\/zonaroja.com.mx\/index.php?rest_route=%2Fwp%2Fv2%2Fcategories&post=71433"},{"taxonomy":"post_tag","embeddable":true,"href":"https:\/\/zonaroja.com.mx\/index.php?rest_route=%2Fwp%2Fv2%2Ftags&post=71433"}],"curies":[{"name":"wp","href":"https:\/\/api.w.org\/{rel}","templated":true}]}}